{"id":6152,"date":"2021-03-17T13:05:35","date_gmt":"2021-03-17T12:05:35","guid":{"rendered":"http:\/\/agora.xtec.cat\/ceipelspins-castelldefels\/?p=6152"},"modified":"2021-03-17T13:12:12","modified_gmt":"2021-03-17T12:12:12","slug":"2n-coneixem-la-merce-aranega","status":"publish","type":"post","link":"https:\/\/agora.xtec.cat\/ceipelspins-castelldefels\/general\/2n-coneixem-la-merce-aranega\/","title":{"rendered":"2n- Coneixem la Merc\u00e8 Ar\u00e0nega!"},"content":{"rendered":"<p>Avui, les classes de 2nA i 2nB hem conegut a l&#8217;escriptora i il\u00b7lustradora Merc\u00e8 Ar\u00e0nega, autora de la col\u00b7lecci\u00f3 de contes del Drac Sim\u00f3. Hem fet una videoconfer\u00e8ncia amb ella i altres escoles de Castelldefels i hem pogut veure com s&#8217;inspira en les seves hist\u00f2ries, com dibuixa els seus personatges, etc. Tamb\u00e9 ens ha ensenyat unes titelles i ens ha fet un petit experiment. Tot i que aquest any no l&#8217;hem pogut con\u00e8ixer personalment a la Biblioteca del poble, hem gaudit molt de les seves explicacions ja que ha sigut com si la tingu\u00e9ssim al davant. Abans d&#8217;acabar, ens ha obert un torn de preguntes per tots els cursos de 2n de totes les escoles que hem participat, i ens les ha respost molt amablement. La veritat \u00e9s que hem gaudit molt d&#8217;aquesta activitat! \ud83d\ude42<\/p>\n<p><a href=\"https:\/\/agora.xtec.cat\/ceipelspins-castelldefels\/wp-content\/uploads\/usu612\/2021\/03\/foto-principal.jpg\"><img loading=\"lazy\" decoding=\"async\" class=\"alignnone size-full wp-image-6154\" src=\"https:\/\/agora.xtec.cat\/ceipelspins-castelldefels\/wp-content\/uploads\/usu612\/2021\/03\/foto-principal.jpg\" alt=\"\" width=\"692\" height=\"519\" srcset=\"https:\/\/agora.xtec.cat\/ceipelspins-castelldefels\/wp-content\/uploads\/usu612\/2021\/03\/foto-principal.jpg 692w, https:\/\/agora.xtec.cat\/ceipelspins-castelldefels\/wp-content\/uploads\/usu612\/2021\/03\/foto-principal-300x225.jpg 300w, https:\/\/agora.xtec.cat\/ceipelspins-castelldefels\/wp-content\/uploads\/usu612\/2021\/03\/foto-principal-200x150.jpg 200w\" sizes=\"auto, (max-width: 692px) 100vw, 692px\" \/><\/a><\/p>\n","protected":false},"excerpt":{"rendered":"<p>Avui, les classes de 2nA i 2nB hem conegut a l&#8217;escriptora i il\u00b7lustradora Merc\u00e8 Ar\u00e0nega, autora de la col\u00b7lecci\u00f3 de contes del Drac Sim\u00f3. Hem fet una videoconfer\u00e8ncia amb ella i altres escoles de Castelldefels i hem pogut veure com s&#8217;inspira en les seves hist\u00f2ries, com dibuixa els seus personatges, etc. Tamb\u00e9 ens ha ensenyat [&hellip;]<\/p>\n","protected":false},"author":29,"featured_media":6153,"comment_status":"open","ping_status":"closed","sticky":false,"template":"","format":"standard","meta":{"_bbp_topic_count":0,"_bbp_reply_count":0,"_bbp_total_topic_count":0,"_bbp_total_reply_count":0,"_bbp_voice_count":0,"_bbp_anonymous_reply_count":0,"_bbp_topic_count_hidden":0,"_bbp_reply_count_hidden":0,"_bbp_forum_subforum_count":0,"site-sidebar-layout":"default","site-content-layout":"","ast-site-content-layout":"","site-content-style":"default","site-sidebar-style":"default","ast-global-header-display":"","ast-banner-title-visibility":"","ast-main-header-display":"","ast-hfb-above-header-display":"","ast-hfb-below-header-display":"","ast-hfb-mobile-header-display":"","site-post-title":"","ast-breadcrumbs-content":"","ast-featured-img":"","footer-sml-layout":"","theme-transparent-header-meta":"","adv-header-id-meta":"","stick-header-meta":"","header-above-stick-meta":"","header-main-stick-meta":"","header-below-stick-meta":"","astra-migrate-meta-layouts":"default","ast-page-background-enabled":"default","ast-page-background-meta":{"desktop":{"background-color":"var(--ast-global-color-4)","background-image":"","background-repeat":"repeat","background-position":"center center","background-size":"auto","background-attachment":"scroll","background-type":"","background-media":"","overlay-type":"","overlay-color":"","overlay-opacity":"","overlay-gradient":""},"tablet":{"background-color":"","background-image":"","background-repeat":"repeat","background-position":"center center","background-size":"auto","background-attachment":"scroll","background-type":"","background-media":"","overlay-type":"","overlay-color":"","overlay-opacity":"","overlay-gradient":""},"mobile":{"background-color":"","background-image":"","background-repeat":"repeat","background-position":"center center","background-size":"auto","background-attachment":"scroll","background-type":"","background-media":"","overlay-type":"","overlay-color":"","overlay-opacity":"","overlay-gradient":""}},"ast-content-background-meta":{"desktop":{"background-color":"var(--ast-global-color-5)","background-image":"","background-repeat":"repeat","background-position":"center center","background-size":"auto","background-attachment":"scroll","background-type":"","background-media":"","overlay-type":"","overlay-color":"","overlay-opacity":"","overlay-gradient":""},"tablet":{"background-color":"var(--ast-global-color-5)","background-image":"","background-repeat":"repeat","background-position":"center center","background-size":"auto","background-attachment":"scroll","background-type":"","background-media":"","overlay-type":"","overlay-color":"","overlay-opacity":"","overlay-gradient":""},"mobile":{"background-color":"var(--ast-global-color-5)","background-image":"","background-repeat":"repeat","background-position":"center center","background-size":"auto","background-attachment":"scroll","background-type":"","background-media":"","overlay-type":"","overlay-color":"","overlay-opacity":"","overlay-gradient":""}},"footnotes":""},"categories":[11,135,1,4],"tags":[],"class_list":["post-6152","post","type-post","status-publish","format-standard","has-post-thumbnail","hentry","category-2n","category-catala-2n","category-general","category-portada"],"post_mailing_queue_ids":[],"_links":{"self":[{"href":"https:\/\/agora.xtec.cat\/ceipelspins-castelldefels\/wp-json\/wp\/v2\/posts\/6152","targetHints":{"allow":["GET"]}}],"collection":[{"href":"https:\/\/agora.xtec.cat\/ceipelspins-castelldefels\/wp-json\/wp\/v2\/posts"}],"about":[{"href":"https:\/\/agora.xtec.cat\/ceipelspins-castelldefels\/wp-json\/wp\/v2\/types\/post"}],"author":[{"embeddable":true,"href":"https:\/\/agora.xtec.cat\/ceipelspins-castelldefels\/wp-json\/wp\/v2\/users\/29"}],"replies":[{"embeddable":true,"href":"https:\/\/agora.xtec.cat\/ceipelspins-castelldefels\/wp-json\/wp\/v2\/comments?post=6152"}],"version-history":[{"count":1,"href":"https:\/\/agora.xtec.cat\/ceipelspins-castelldefels\/wp-json\/wp\/v2\/posts\/6152\/revisions"}],"predecessor-version":[{"id":6155,"href":"https:\/\/agora.xtec.cat\/ceipelspins-castelldefels\/wp-json\/wp\/v2\/posts\/6152\/revisions\/6155"}],"wp:featuredmedia":[{"embeddable":true,"href":"https:\/\/agora.xtec.cat\/ceipelspins-castelldefels\/wp-json\/wp\/v2\/media\/6153"}],"wp:attachment":[{"href":"https:\/\/agora.xtec.cat\/ceipelspins-castelldefels\/wp-json\/wp\/v2\/media?parent=6152"}],"wp:term":[{"taxonomy":"category","embeddable":true,"href":"https:\/\/agora.xtec.cat\/ceipelspins-castelldefels\/wp-json\/wp\/v2\/categories?post=6152"},{"taxonomy":"post_tag","embeddable":true,"href":"https:\/\/agora.xtec.cat\/ceipelspins-castelldefels\/wp-json\/wp\/v2\/tags?post=6152"}],"curies":[{"name":"wp","href":"https:\/\/api.w.org\/{rel}","templated":true}]}}