{"id":6142,"date":"2021-03-11T23:39:51","date_gmt":"2021-03-11T22:39:51","guid":{"rendered":"http:\/\/agora.xtec.cat\/ceipelspins-castelldefels\/?p=6142"},"modified":"2021-03-11T23:44:56","modified_gmt":"2021-03-11T22:44:56","slug":"els-pins-es-preocupa-per-la-sostenibilitat","status":"publish","type":"post","link":"https:\/\/agora.xtec.cat\/ceipelspins-castelldefels\/general\/els-pins-es-preocupa-per-la-sostenibilitat\/","title":{"rendered":"Els Pins es preocupa per la SOSTENIBILITAT!"},"content":{"rendered":"<p><b>Com satisfer les nostres necessitats i respectar alhora el Medi Ambient?<\/b><\/p>\n<p><span style=\"font-weight: 400;\">Per donar resposta a aquesta pregunta un grup de mestres de l\u2019escola ha creat la Comissi\u00f3 de Sostenibilitat.\u00a0<\/span><span style=\"font-weight: 400;\">L\u2019objectiu de la mateixa \u00e9s adoptar h\u00e0bits per a la transformaci\u00f3 de l\u2019escola cap a un model m\u00e9s sostenible. <\/span><span style=\"font-weight: 400;\">Considerem imprescindible conscienciar l\u2019alumnat d\u2019aquesta necessitat d\u2019un mode sostenible de vida a partir de petites accions que fomentin el canvi, dins l\u2019escola.<\/span><\/p>\n<p><span style=\"font-weight: 400;\">Hem comen\u00e7at amb l\u2019\u00e0mbit dels RESIDUS (m\u00e9s conegut per l\u2019alumnat) i volem avan\u00e7ar cap a altres com: energia, aigua, jard\u00ed i hort escolar.<\/span><\/p>\n<p><span style=\"font-weight: 400;\">Per orientar-nos en aquesta iniciativa comptem amb la Sandra, la T\u00e8cnica de Medi Ambient i Serveis Urbans de Castelldefels.\u00a0<\/span><\/p>\n<p><span style=\"font-weight: 400;\">A continuaci\u00f3 us proporcionem la direcci\u00f3 web<\/span><span style=\"font-weight: 400;\"> de l\u00b4Ajuntament amb informaci\u00f3 sobre la recollida selectiva (contenidors, recollida a grans productors i serveis de deixalleries):<\/span><\/p>\n<p><a href=\"http:\/\/www.castelldefels.org\/recicla\"><span style=\"font-weight: 400;\">www.castelldefels.org\/recicla<\/span><\/a><\/p>\n<p><span style=\"font-weight: 400;\">Tamb\u00e9 us volem informar de la reestructuraci\u00f3 del Servei de Deixalleries (Deix. Fixa, Minideixalleries i Deix. M\u00f2bil):<\/span><\/p>\n<p><a href=\"http:\/\/www.elcastell.org\/ca\/index\/14916\/L'Ajuntament-reorganitza-i-amplia-el-servei-de-deixalleria.html\"><span style=\"font-weight: 400;\">http:\/\/www.elcastell.org\/ca\/index\/14916\/L&#8217;Ajuntament-reorganitza-i-amplia-el-servei-de-deixalleria.html<\/span><\/a><\/p>\n<p><span style=\"font-weight: 400;\">\u00a0<\/span><span style=\"font-weight: 400;\">De ben segur que junts\/es aconseguim un futur millor pel nostre planeta Terra! <a href=\"https:\/\/agora.xtec.cat\/ceipelspins-castelldefels\/wp-content\/uploads\/usu612\/2021\/03\/deixalleria.jpg\"><img loading=\"lazy\" decoding=\"async\" class=\"alignnone size-full wp-image-6143\" src=\"https:\/\/agora.xtec.cat\/ceipelspins-castelldefels\/wp-content\/uploads\/usu612\/2021\/03\/deixalleria.jpg\" alt=\"\" width=\"600\" height=\"400\" srcset=\"https:\/\/agora.xtec.cat\/ceipelspins-castelldefels\/wp-content\/uploads\/usu612\/2021\/03\/deixalleria.jpg 600w, https:\/\/agora.xtec.cat\/ceipelspins-castelldefels\/wp-content\/uploads\/usu612\/2021\/03\/deixalleria-300x200.jpg 300w\" sizes=\"auto, (max-width: 600px) 100vw, 600px\" \/><\/a> <a href=\"https:\/\/agora.xtec.cat\/ceipelspins-castelldefels\/wp-content\/uploads\/usu612\/2021\/03\/minideixalleries.jpg\"><img loading=\"lazy\" decoding=\"async\" class=\"alignnone size-large wp-image-6144\" src=\"https:\/\/agora.xtec.cat\/ceipelspins-castelldefels\/wp-content\/uploads\/usu612\/2021\/03\/minideixalleries.jpg\" alt=\"\" width=\"800\" height=\"532\" srcset=\"https:\/\/agora.xtec.cat\/ceipelspins-castelldefels\/wp-content\/uploads\/usu612\/2021\/03\/minideixalleries.jpg 800w, https:\/\/agora.xtec.cat\/ceipelspins-castelldefels\/wp-content\/uploads\/usu612\/2021\/03\/minideixalleries-300x200.jpg 300w, https:\/\/agora.xtec.cat\/ceipelspins-castelldefels\/wp-content\/uploads\/usu612\/2021\/03\/minideixalleries-768x511.jpg 768w\" sizes=\"auto, (max-width: 800px) 100vw, 800px\" \/><\/a><\/span><\/p>\n<p><span style=\"font-weight: 400;\">Comissi\u00f3 de Sostenibilitat<\/span><\/p>\n","protected":false},"excerpt":{"rendered":"<p>Com satisfer les nostres necessitats i respectar alhora el Medi Ambient? Per donar resposta a aquesta pregunta un grup de mestres de l\u2019escola ha creat la Comissi\u00f3 de Sostenibilitat.\u00a0L\u2019objectiu de la mateixa \u00e9s adoptar h\u00e0bits per a la transformaci\u00f3 de l\u2019escola cap a un model m\u00e9s sostenible. Considerem imprescindible conscienciar l\u2019alumnat d\u2019aquesta necessitat d\u2019un mode [&hellip;]<\/p>\n","protected":false},"author":34,"featured_media":6146,"comment_status":"open","ping_status":"closed","sticky":false,"template":"","format":"standard","meta":{"_bbp_topic_count":0,"_bbp_reply_count":0,"_bbp_total_topic_count":0,"_bbp_total_reply_count":0,"_bbp_voice_count":0,"_bbp_anonymous_reply_count":0,"_bbp_topic_count_hidden":0,"_bbp_reply_count_hidden":0,"_bbp_forum_subforum_count":0,"site-sidebar-layout":"default","site-content-layout":"","ast-site-content-layout":"","site-content-style":"default","site-sidebar-style":"default","ast-global-header-display":"","ast-banner-title-visibility":"","ast-main-header-display":"","ast-hfb-above-header-display":"","ast-hfb-below-header-display":"","ast-hfb-mobile-header-display":"","site-post-title":"","ast-breadcrumbs-content":"","ast-featured-img":"","footer-sml-layout":"","theme-transparent-header-meta":"","adv-header-id-meta":"","stick-header-meta":"","header-above-stick-meta":"","header-main-stick-meta":"","header-below-stick-meta":"","astra-migrate-meta-layouts":"default","ast-page-background-enabled":"default","ast-page-background-meta":{"desktop":{"background-color":"var(--ast-global-color-4)","background-image":"","background-repeat":"repeat","background-position":"center center","background-size":"auto","background-attachment":"scroll","background-type":"","background-media":"","overlay-type":"","overlay-color":"","overlay-opacity":"","overlay-gradient":""},"tablet":{"background-color":"","background-image":"","background-repeat":"repeat","background-position":"center center","background-size":"auto","background-attachment":"scroll","background-type":"","background-media":"","overlay-type":"","overlay-color":"","overlay-opacity":"","overlay-gradient":""},"mobile":{"background-color":"","background-image":"","background-repeat":"repeat","background-position":"center center","background-size":"auto","background-attachment":"scroll","background-type":"","background-media":"","overlay-type":"","overlay-color":"","overlay-opacity":"","overlay-gradient":""}},"ast-content-background-meta":{"desktop":{"background-color":"var(--ast-global-color-5)","background-image":"","background-repeat":"repeat","background-position":"center center","background-size":"auto","background-attachment":"scroll","background-type":"","background-media":"","overlay-type":"","overlay-color":"","overlay-opacity":"","overlay-gradient":""},"tablet":{"background-color":"var(--ast-global-color-5)","background-image":"","background-repeat":"repeat","background-position":"center center","background-size":"auto","background-attachment":"scroll","background-type":"","background-media":"","overlay-type":"","overlay-color":"","overlay-opacity":"","overlay-gradient":""},"mobile":{"background-color":"var(--ast-global-color-5)","background-image":"","background-repeat":"repeat","background-position":"center center","background-size":"auto","background-attachment":"scroll","background-type":"","background-media":"","overlay-type":"","overlay-color":"","overlay-opacity":"","overlay-gradient":""}},"footnotes":""},"categories":[1,4],"tags":[],"class_list":["post-6142","post","type-post","status-publish","format-standard","has-post-thumbnail","hentry","category-general","category-portada"],"post_mailing_queue_ids":[],"_links":{"self":[{"href":"https:\/\/agora.xtec.cat\/ceipelspins-castelldefels\/wp-json\/wp\/v2\/posts\/6142","targetHints":{"allow":["GET"]}}],"collection":[{"href":"https:\/\/agora.xtec.cat\/ceipelspins-castelldefels\/wp-json\/wp\/v2\/posts"}],"about":[{"href":"https:\/\/agora.xtec.cat\/ceipelspins-castelldefels\/wp-json\/wp\/v2\/types\/post"}],"author":[{"embeddable":true,"href":"https:\/\/agora.xtec.cat\/ceipelspins-castelldefels\/wp-json\/wp\/v2\/users\/34"}],"replies":[{"embeddable":true,"href":"https:\/\/agora.xtec.cat\/ceipelspins-castelldefels\/wp-json\/wp\/v2\/comments?post=6142"}],"version-history":[{"count":1,"href":"https:\/\/agora.xtec.cat\/ceipelspins-castelldefels\/wp-json\/wp\/v2\/posts\/6142\/revisions"}],"predecessor-version":[{"id":6145,"href":"https:\/\/agora.xtec.cat\/ceipelspins-castelldefels\/wp-json\/wp\/v2\/posts\/6142\/revisions\/6145"}],"wp:featuredmedia":[{"embeddable":true,"href":"https:\/\/agora.xtec.cat\/ceipelspins-castelldefels\/wp-json\/wp\/v2\/media\/6146"}],"wp:attachment":[{"href":"https:\/\/agora.xtec.cat\/ceipelspins-castelldefels\/wp-json\/wp\/v2\/media?parent=6142"}],"wp:term":[{"taxonomy":"category","embeddable":true,"href":"https:\/\/agora.xtec.cat\/ceipelspins-castelldefels\/wp-json\/wp\/v2\/categories?post=6142"},{"taxonomy":"post_tag","embeddable":true,"href":"https:\/\/agora.xtec.cat\/ceipelspins-castelldefels\/wp-json\/wp\/v2\/tags?post=6142"}],"curies":[{"name":"wp","href":"https:\/\/api.w.org\/{rel}","templated":true}]}}