{"id":6109,"date":"2021-02-23T19:51:56","date_gmt":"2021-02-23T18:51:56","guid":{"rendered":"http:\/\/agora.xtec.cat\/ceipelspins-castelldefels\/?p=6109"},"modified":"2021-02-23T19:54:04","modified_gmt":"2021-02-23T18:54:04","slug":"participem-a-la-i-jornada-dinnovacio-avancada-educacio-i-intelligencia-artificial","status":"publish","type":"post","link":"https:\/\/agora.xtec.cat\/ceipelspins-castelldefels\/general\/participem-a-la-i-jornada-dinnovacio-avancada-educacio-i-intelligencia-artificial\/","title":{"rendered":"Participem a la I Jornada d&#8217;Innovaci\u00f3 Avan\u00e7ada &#8220;Educaci\u00f3 i Intel\u00b7lig\u00e8ncia artificial&#8221;"},"content":{"rendered":"<p style=\"text-align: justify;\">L&#8217;Escola Els Pins \u00e9s pionera a Catalunya en l&#8217;\u00fas de la Intel\u00b7lig\u00e8ncia Artificial per la millora de la conviv\u00e8ncia i dels resultats acad\u00e8mics mitjan\u00e7at el projecte WatsomApp. Des de l&#8217;any passat treballem amb la Direcci\u00f3 General d&#8217;Innovaci\u00f3 Recerca i Cultura Digital del Departament d&#8217;Ensenyament per traspassar la nostra experi\u00e8ncia a altres centres. El proper 9 de Mar\u00e7 participarem a la I Jornada d&#8217;Innovaci\u00f3 Avan\u00e7ada &#8220;Educaci\u00f3 i Intel\u00b7lig\u00e8ncia artificial&#8221;.<\/p>\n<p><a href=\"https:\/\/docs.google.com\/forms\/d\/e\/1FAIpQLSdxE70ObEJEfQexcB0E_Cvb-JdkuOheiUJGMTBaXeYqR5MC3w\/viewform\" target=\"_blank\" rel=\"noopener noreferrer\"><img loading=\"lazy\" decoding=\"async\" class=\"alignnone size-full wp-image-6111 aligncenter\" src=\"https:\/\/agora.xtec.cat\/ceipelspins-castelldefels\/wp-content\/uploads\/usu612\/2021\/02\/IA-JORNADA-1.jpg\" alt=\"\" width=\"553\" height=\"311\" srcset=\"https:\/\/agora.xtec.cat\/ceipelspins-castelldefels\/wp-content\/uploads\/usu612\/2021\/02\/IA-JORNADA-1.jpg 553w, https:\/\/agora.xtec.cat\/ceipelspins-castelldefels\/wp-content\/uploads\/usu612\/2021\/02\/IA-JORNADA-1-300x169.jpg 300w\" sizes=\"auto, (max-width: 553px) 100vw, 553px\" \/><\/a><\/p>\n<p>&nbsp;<\/p>\n","protected":false},"excerpt":{"rendered":"<p>L&#8217;Escola Els Pins \u00e9s pionera a Catalunya en l&#8217;\u00fas de la Intel\u00b7lig\u00e8ncia Artificial per la millora de la conviv\u00e8ncia i dels resultats acad\u00e8mics mitjan\u00e7at el projecte WatsomApp. Des de l&#8217;any passat treballem amb la Direcci\u00f3 General d&#8217;Innovaci\u00f3 Recerca i Cultura Digital del Departament d&#8217;Ensenyament per traspassar la nostra experi\u00e8ncia a altres centres. El proper 9 [&hellip;]<\/p>\n","protected":false},"author":1,"featured_media":0,"comment_status":"open","ping_status":"closed","sticky":false,"template":"","format":"standard","meta":{"_bbp_topic_count":0,"_bbp_reply_count":0,"_bbp_total_topic_count":0,"_bbp_total_reply_count":0,"_bbp_voice_count":0,"_bbp_anonymous_reply_count":0,"_bbp_topic_count_hidden":0,"_bbp_reply_count_hidden":0,"_bbp_forum_subforum_count":0,"site-sidebar-layout":"default","site-content-layout":"","ast-site-content-layout":"","site-content-style":"default","site-sidebar-style":"default","ast-global-header-display":"","ast-banner-title-visibility":"","ast-main-header-display":"","ast-hfb-above-header-display":"","ast-hfb-below-header-display":"","ast-hfb-mobile-header-display":"","site-post-title":"","ast-breadcrumbs-content":"","ast-featured-img":"","footer-sml-layout":"","theme-transparent-header-meta":"","adv-header-id-meta":"","stick-header-meta":"","header-above-stick-meta":"","header-main-stick-meta":"","header-below-stick-meta":"","astra-migrate-meta-layouts":"default","ast-page-background-enabled":"default","ast-page-background-meta":{"desktop":{"background-color":"var(--ast-global-color-4)","background-image":"","background-repeat":"repeat","background-position":"center center","background-size":"auto","background-attachment":"scroll","background-type":"","background-media":"","overlay-type":"","overlay-color":"","overlay-opacity":"","overlay-gradient":""},"tablet":{"background-color":"","background-image":"","background-repeat":"repeat","background-position":"center center","background-size":"auto","background-attachment":"scroll","background-type":"","background-media":"","overlay-type":"","overlay-color":"","overlay-opacity":"","overlay-gradient":""},"mobile":{"background-color":"","background-image":"","background-repeat":"repeat","background-position":"center center","background-size":"auto","background-attachment":"scroll","background-type":"","background-media":"","overlay-type":"","overlay-color":"","overlay-opacity":"","overlay-gradient":""}},"ast-content-background-meta":{"desktop":{"background-color":"var(--ast-global-color-5)","background-image":"","background-repeat":"repeat","background-position":"center center","background-size":"auto","background-attachment":"scroll","background-type":"","background-media":"","overlay-type":"","overlay-color":"","overlay-opacity":"","overlay-gradient":""},"tablet":{"background-color":"var(--ast-global-color-5)","background-image":"","background-repeat":"repeat","background-position":"center center","background-size":"auto","background-attachment":"scroll","background-type":"","background-media":"","overlay-type":"","overlay-color":"","overlay-opacity":"","overlay-gradient":""},"mobile":{"background-color":"var(--ast-global-color-5)","background-image":"","background-repeat":"repeat","background-position":"center center","background-size":"auto","background-attachment":"scroll","background-type":"","background-media":"","overlay-type":"","overlay-color":"","overlay-opacity":"","overlay-gradient":""}},"footnotes":""},"categories":[1,4],"tags":[268,269,263,260,204,264],"class_list":["post-6109","post","type-post","status-publish","format-standard","hentry","category-general","category-portada","tag-convivencia","tag-ibm","tag-innovacio","tag-intelligencia-artificial","tag-tac","tag-watsomapp"],"post_mailing_queue_ids":[],"_links":{"self":[{"href":"https:\/\/agora.xtec.cat\/ceipelspins-castelldefels\/wp-json\/wp\/v2\/posts\/6109","targetHints":{"allow":["GET"]}}],"collection":[{"href":"https:\/\/agora.xtec.cat\/ceipelspins-castelldefels\/wp-json\/wp\/v2\/posts"}],"about":[{"href":"https:\/\/agora.xtec.cat\/ceipelspins-castelldefels\/wp-json\/wp\/v2\/types\/post"}],"author":[{"embeddable":true,"href":"https:\/\/agora.xtec.cat\/ceipelspins-castelldefels\/wp-json\/wp\/v2\/users\/1"}],"replies":[{"embeddable":true,"href":"https:\/\/agora.xtec.cat\/ceipelspins-castelldefels\/wp-json\/wp\/v2\/comments?post=6109"}],"version-history":[{"count":1,"href":"https:\/\/agora.xtec.cat\/ceipelspins-castelldefels\/wp-json\/wp\/v2\/posts\/6109\/revisions"}],"predecessor-version":[{"id":6112,"href":"https:\/\/agora.xtec.cat\/ceipelspins-castelldefels\/wp-json\/wp\/v2\/posts\/6109\/revisions\/6112"}],"wp:attachment":[{"href":"https:\/\/agora.xtec.cat\/ceipelspins-castelldefels\/wp-json\/wp\/v2\/media?parent=6109"}],"wp:term":[{"taxonomy":"category","embeddable":true,"href":"https:\/\/agora.xtec.cat\/ceipelspins-castelldefels\/wp-json\/wp\/v2\/categories?post=6109"},{"taxonomy":"post_tag","embeddable":true,"href":"https:\/\/agora.xtec.cat\/ceipelspins-castelldefels\/wp-json\/wp\/v2\/tags?post=6109"}],"curies":[{"name":"wp","href":"https:\/\/api.w.org\/{rel}","templated":true}]}}