{"id":5324,"date":"2020-02-10T13:15:13","date_gmt":"2020-02-10T12:15:13","guid":{"rendered":"http:\/\/agora.xtec.cat\/ceipelspins-castelldefels\/?p=5324"},"modified":"2020-02-10T13:15:13","modified_gmt":"2020-02-10T12:15:13","slug":"6e-ens-unim-a-la-recollida-de-deixalles","status":"publish","type":"post","link":"https:\/\/agora.xtec.cat\/ceipelspins-castelldefels\/portada\/6e-ens-unim-a-la-recollida-de-deixalles\/","title":{"rendered":"6\u00e8 ENS UNIM A LA RECOLLIDA DE DEIXALLES"},"content":{"rendered":"<p>L&#8217;alumnat de 6\u00e8, el passat divendres 31 de gener ens vam unir a la recollida de deixalles a la platja de Castelldefels degut a la tempesta Gl\u00f2ria. Vam veure una realitat molt dura i esperem que mica en mica tot torni a la normalitat.<\/p>\n<div>Aqu\u00ed teniu la not\u00edcia amb el v\u00eddeo, i tamb\u00e9 el link de YouTube per que veieu la nostra colaboraci\u00f3 amb l&#8217;ajuntament.<\/div>\n<div><\/div>\n<div>Not\u00edcia:\u00a0<a href=\"http:\/\/www.elcastell.org\/ca\/index\/14326\/Diverses-iniciatives-ciutadanes-ajuden-a-netejar-la-platja-.html\" target=\"_blank\" rel=\"noopener noreferrer\" data-saferedirecturl=\"https:\/\/www.google.com\/url?q=http:\/\/www.elcastell.org\/ca\/index\/14326\/Diverses-iniciatives-ciutadanes-ajuden-a-netejar-la-platja-.html&amp;source=gmail&amp;ust=1581420026735000&amp;usg=AFQjCNEkHccxm2YAvSEbXQiTXdgVYFh83Q\">http:\/\/www.elcastell.<wbr \/>org\/ca\/index\/14326\/Diverses-<wbr \/>iniciatives-ciutadanes-ajuden-<wbr \/>a-netejar-la-platja-.html<\/a><\/div>\n<div><\/div>\n<div>YouTube:\u00a0<a href=\"https:\/\/www.youtube.com\/watch?v=E5AsFjsbmB8\" target=\"_blank\" rel=\"noopener noreferrer\" data-saferedirecturl=\"https:\/\/www.google.com\/url?q=https:\/\/www.youtube.com\/watch?v%3DE5AsFjsbmB8&amp;source=gmail&amp;ust=1581420026735000&amp;usg=AFQjCNELoMm7ImGC9TazPVl0T8sSpsR7LA\">https:\/\/www.youtube.<wbr \/>com\/watch?v=E5AsFjsbmB8<\/a><\/div>\n<div><\/div>\n<div>Web de CastelldefelsTV:\u00a0<a href=\"http:\/\/castelldefelstv.org\/iniciatives-de-neteja-de-platges\/\" target=\"_blank\" rel=\"noopener noreferrer\" data-saferedirecturl=\"https:\/\/www.google.com\/url?q=http:\/\/castelldefelstv.org\/iniciatives-de-neteja-de-platges\/&amp;source=gmail&amp;ust=1581420026735000&amp;usg=AFQjCNGqJVR7PZU1hrYqA121_EZB0KwKjg\">http:\/\/<wbr \/>castelldefelstv.org\/<wbr \/>iniciatives-de-neteja-de-<wbr \/>platges\/<\/a><\/div>\n<p>&nbsp;<\/p>\n<p>&nbsp;<\/p>\n<p>&nbsp;<\/p>\n","protected":false},"excerpt":{"rendered":"<p>L&#8217;alumnat de 6\u00e8, el passat divendres 31 de gener ens vam unir a la recollida de deixalles a la platja de Castelldefels degut a la tempesta Gl\u00f2ria. Vam veure una realitat molt dura i esperem que mica en mica tot torni a la normalitat. Aqu\u00ed teniu la not\u00edcia amb el v\u00eddeo, i tamb\u00e9 el link [&hellip;]<\/p>\n","protected":false},"author":14,"featured_media":5325,"comment_status":"open","ping_status":"closed","sticky":false,"template":"","format":"standard","meta":{"_bbp_topic_count":0,"_bbp_reply_count":0,"_bbp_total_topic_count":0,"_bbp_total_reply_count":0,"_bbp_voice_count":0,"_bbp_anonymous_reply_count":0,"_bbp_topic_count_hidden":0,"_bbp_reply_count_hidden":0,"_bbp_forum_subforum_count":0,"site-sidebar-layout":"default","site-content-layout":"","ast-site-content-layout":"","site-content-style":"default","site-sidebar-style":"default","ast-global-header-display":"","ast-banner-title-visibility":"","ast-main-header-display":"","ast-hfb-above-header-display":"","ast-hfb-below-header-display":"","ast-hfb-mobile-header-display":"","site-post-title":"","ast-breadcrumbs-content":"","ast-featured-img":"","footer-sml-layout":"","theme-transparent-header-meta":"","adv-header-id-meta":"","stick-header-meta":"","header-above-stick-meta":"","header-main-stick-meta":"","header-below-stick-meta":"","astra-migrate-meta-layouts":"default","ast-page-background-enabled":"default","ast-page-background-meta":{"desktop":{"background-color":"var(--ast-global-color-4)","background-image":"","background-repeat":"repeat","background-position":"center center","background-size":"auto","background-attachment":"scroll","background-type":"","background-media":"","overlay-type":"","overlay-color":"","overlay-opacity":"","overlay-gradient":""},"tablet":{"background-color":"","background-image":"","background-repeat":"repeat","background-position":"center center","background-size":"auto","background-attachment":"scroll","background-type":"","background-media":"","overlay-type":"","overlay-color":"","overlay-opacity":"","overlay-gradient":""},"mobile":{"background-color":"","background-image":"","background-repeat":"repeat","background-position":"center center","background-size":"auto","background-attachment":"scroll","background-type":"","background-media":"","overlay-type":"","overlay-color":"","overlay-opacity":"","overlay-gradient":""}},"ast-content-background-meta":{"desktop":{"background-color":"var(--ast-global-color-5)","background-image":"","background-repeat":"repeat","background-position":"center center","background-size":"auto","background-attachment":"scroll","background-type":"","background-media":"","overlay-type":"","overlay-color":"","overlay-opacity":"","overlay-gradient":""},"tablet":{"background-color":"var(--ast-global-color-5)","background-image":"","background-repeat":"repeat","background-position":"center center","background-size":"auto","background-attachment":"scroll","background-type":"","background-media":"","overlay-type":"","overlay-color":"","overlay-opacity":"","overlay-gradient":""},"mobile":{"background-color":"var(--ast-global-color-5)","background-image":"","background-repeat":"repeat","background-position":"center center","background-size":"auto","background-attachment":"scroll","background-type":"","background-media":"","overlay-type":"","overlay-color":"","overlay-opacity":"","overlay-gradient":""}},"footnotes":""},"categories":[15,153,4],"tags":[],"class_list":["post-5324","post","type-post","status-publish","format-standard","has-post-thumbnail","hentry","category-6e","category-coneixement-del-medi-6e","category-portada"],"post_mailing_queue_ids":[],"_links":{"self":[{"href":"https:\/\/agora.xtec.cat\/ceipelspins-castelldefels\/wp-json\/wp\/v2\/posts\/5324","targetHints":{"allow":["GET"]}}],"collection":[{"href":"https:\/\/agora.xtec.cat\/ceipelspins-castelldefels\/wp-json\/wp\/v2\/posts"}],"about":[{"href":"https:\/\/agora.xtec.cat\/ceipelspins-castelldefels\/wp-json\/wp\/v2\/types\/post"}],"author":[{"embeddable":true,"href":"https:\/\/agora.xtec.cat\/ceipelspins-castelldefels\/wp-json\/wp\/v2\/users\/14"}],"replies":[{"embeddable":true,"href":"https:\/\/agora.xtec.cat\/ceipelspins-castelldefels\/wp-json\/wp\/v2\/comments?post=5324"}],"version-history":[{"count":2,"href":"https:\/\/agora.xtec.cat\/ceipelspins-castelldefels\/wp-json\/wp\/v2\/posts\/5324\/revisions"}],"predecessor-version":[{"id":5327,"href":"https:\/\/agora.xtec.cat\/ceipelspins-castelldefels\/wp-json\/wp\/v2\/posts\/5324\/revisions\/5327"}],"wp:featuredmedia":[{"embeddable":true,"href":"https:\/\/agora.xtec.cat\/ceipelspins-castelldefels\/wp-json\/wp\/v2\/media\/5325"}],"wp:attachment":[{"href":"https:\/\/agora.xtec.cat\/ceipelspins-castelldefels\/wp-json\/wp\/v2\/media?parent=5324"}],"wp:term":[{"taxonomy":"category","embeddable":true,"href":"https:\/\/agora.xtec.cat\/ceipelspins-castelldefels\/wp-json\/wp\/v2\/categories?post=5324"},{"taxonomy":"post_tag","embeddable":true,"href":"https:\/\/agora.xtec.cat\/ceipelspins-castelldefels\/wp-json\/wp\/v2\/tags?post=5324"}],"curies":[{"name":"wp","href":"https:\/\/api.w.org\/{rel}","templated":true}]}}