{"id":4842,"date":"2019-06-11T13:41:50","date_gmt":"2019-06-11T11:41:50","guid":{"rendered":"http:\/\/agora.xtec.cat\/ceipelspins-castelldefels\/?p=4842"},"modified":"2019-06-11T13:41:50","modified_gmt":"2019-06-11T11:41:50","slug":"coneixem-les-dunes-de-castelldefels","status":"publish","type":"post","link":"https:\/\/agora.xtec.cat\/ceipelspins-castelldefels\/portada\/coneixem-les-dunes-de-castelldefels\/","title":{"rendered":"Coneixem les Dunes de Castelldefels"},"content":{"rendered":"<p>El passat 06 de Juny vam visitar la platja de Castelldefels. De bon mat\u00ed vam posar en pr\u00e0ctica l&#8217;educaci\u00f3 Vial d&#8217;aquest curs agafant l&#8217;autob\u00fas L96 i L95 fins a la platja.<\/p>\n<p><a href=\"https:\/\/agora.xtec.cat\/ceipelspins-castelldefels\/wp-content\/uploads\/usu612\/2019\/06\/Tellfy_20190606_160105.jpg\"><img loading=\"lazy\" decoding=\"async\" class=\"wp-image-4847 aligncenter\" src=\"https:\/\/agora.xtec.cat\/ceipelspins-castelldefels\/wp-content\/uploads\/usu612\/2019\/06\/Tellfy_20190606_160105.jpg\" alt=\"\" width=\"274\" height=\"365\" srcset=\"https:\/\/agora.xtec.cat\/ceipelspins-castelldefels\/wp-content\/uploads\/usu612\/2019\/06\/Tellfy_20190606_160105.jpg 480w, https:\/\/agora.xtec.cat\/ceipelspins-castelldefels\/wp-content\/uploads\/usu612\/2019\/06\/Tellfy_20190606_160105-225x300.jpg 225w\" sizes=\"auto, (max-width: 274px) 100vw, 274px\" \/><\/a><\/p>\n<p>En arribar vam fer una investigaci\u00f3 sobre les dunes i la platja de la nostra ciutat i al mateix temps vam aprofitar per penjar els Cartells que hav\u00edem elaborat durant el projecte de l&#8217;aigua.<\/p>\n<p><a href=\"https:\/\/agora.xtec.cat\/ceipelspins-castelldefels\/wp-content\/uploads\/usu612\/2019\/06\/IMG_5236.jpg\"><img loading=\"lazy\" decoding=\"async\" class=\"wp-image-4844 aligncenter\" src=\"https:\/\/agora.xtec.cat\/ceipelspins-castelldefels\/wp-content\/uploads\/usu612\/2019\/06\/IMG_5236.jpg\" alt=\"\" width=\"248\" height=\"331\" srcset=\"https:\/\/agora.xtec.cat\/ceipelspins-castelldefels\/wp-content\/uploads\/usu612\/2019\/06\/IMG_5236.jpg 480w, https:\/\/agora.xtec.cat\/ceipelspins-castelldefels\/wp-content\/uploads\/usu612\/2019\/06\/IMG_5236-225x300.jpg 225w\" sizes=\"auto, (max-width: 248px) 100vw, 248px\" \/><\/a><\/p>\n<p>En dinar, vam realitzar les activitats que els alumnes havien inventat:<\/p>\n<p><a href=\"https:\/\/agora.xtec.cat\/ceipelspins-castelldefels\/wp-content\/uploads\/usu612\/2019\/06\/IMG_5251.jpg\"><img loading=\"lazy\" decoding=\"async\" class=\"wp-image-4845 aligncenter\" src=\"https:\/\/agora.xtec.cat\/ceipelspins-castelldefels\/wp-content\/uploads\/usu612\/2019\/06\/IMG_5251.jpg\" alt=\"\" width=\"287\" height=\"215\" srcset=\"https:\/\/agora.xtec.cat\/ceipelspins-castelldefels\/wp-content\/uploads\/usu612\/2019\/06\/IMG_5251.jpg 640w, https:\/\/agora.xtec.cat\/ceipelspins-castelldefels\/wp-content\/uploads\/usu612\/2019\/06\/IMG_5251-300x225.jpg 300w, https:\/\/agora.xtec.cat\/ceipelspins-castelldefels\/wp-content\/uploads\/usu612\/2019\/06\/IMG_5251-200x150.jpg 200w\" sizes=\"auto, (max-width: 287px) 100vw, 287px\" \/><\/a><\/p>\n<p>-Circuit i jocs tradicionals: activitats d&#8217;educaci\u00f3 f\u00edsica que ells mateixos van programar.<\/p>\n<p><a href=\"https:\/\/agora.xtec.cat\/ceipelspins-castelldefels\/wp-content\/uploads\/usu612\/2019\/06\/IMG_20190606_132811_034.jpg\"><img loading=\"lazy\" decoding=\"async\" class=\"wp-image-4846 aligncenter\" src=\"https:\/\/agora.xtec.cat\/ceipelspins-castelldefels\/wp-content\/uploads\/usu612\/2019\/06\/IMG_20190606_132811_034.jpg\" alt=\"\" width=\"330\" height=\"247\" srcset=\"https:\/\/agora.xtec.cat\/ceipelspins-castelldefels\/wp-content\/uploads\/usu612\/2019\/06\/IMG_20190606_132811_034.jpg 640w, https:\/\/agora.xtec.cat\/ceipelspins-castelldefels\/wp-content\/uploads\/usu612\/2019\/06\/IMG_20190606_132811_034-300x225.jpg 300w, https:\/\/agora.xtec.cat\/ceipelspins-castelldefels\/wp-content\/uploads\/usu612\/2019\/06\/IMG_20190606_132811_034-200x150.jpg 200w\" sizes=\"auto, (max-width: 330px) 100vw, 330px\" \/><\/a><\/p>\n<p>-Corre i Agafa: activitat per recollir les escombraries de la platja i separar-les per poder-les reciclar.<\/p>\n<p>Cap a les 15.30h vam tornar a agafar l\u2019autob\u00fas L95 de tornada a l\u2019escola.<\/p>\n<p>Ens ho vam passar d\u2019all\u00f3 m\u00e9s b\u00e9.<\/p>\n<p>&nbsp;<\/p>\n<p>Moltes gr\u00e0cies als familiars que ens van acompanyar!<\/p>\n","protected":false},"excerpt":{"rendered":"<p>El passat 06 de Juny vam visitar la platja de Castelldefels. De bon mat\u00ed vam posar en pr\u00e0ctica l&#8217;educaci\u00f3 Vial d&#8217;aquest curs agafant l&#8217;autob\u00fas L96 i L95 fins a la platja. En arribar vam fer una investigaci\u00f3 sobre les dunes i la platja de la nostra ciutat i al mateix temps vam aprofitar per penjar [&hellip;]<\/p>\n","protected":false},"author":46,"featured_media":4843,"comment_status":"open","ping_status":"closed","sticky":false,"template":"","format":"standard","meta":{"_bbp_topic_count":0,"_bbp_reply_count":0,"_bbp_total_topic_count":0,"_bbp_total_reply_count":0,"_bbp_voice_count":0,"_bbp_anonymous_reply_count":0,"_bbp_topic_count_hidden":0,"_bbp_reply_count_hidden":0,"_bbp_forum_subforum_count":0,"site-sidebar-layout":"default","site-content-layout":"","ast-site-content-layout":"","site-content-style":"default","site-sidebar-style":"default","ast-global-header-display":"","ast-banner-title-visibility":"","ast-main-header-display":"","ast-hfb-above-header-display":"","ast-hfb-below-header-display":"","ast-hfb-mobile-header-display":"","site-post-title":"","ast-breadcrumbs-content":"","ast-featured-img":"","footer-sml-layout":"","theme-transparent-header-meta":"","adv-header-id-meta":"","stick-header-meta":"","header-above-stick-meta":"","header-main-stick-meta":"","header-below-stick-meta":"","astra-migrate-meta-layouts":"default","ast-page-background-enabled":"default","ast-page-background-meta":{"desktop":{"background-color":"var(--ast-global-color-4)","background-image":"","background-repeat":"repeat","background-position":"center center","background-size":"auto","background-attachment":"scroll","background-type":"","background-media":"","overlay-type":"","overlay-color":"","overlay-opacity":"","overlay-gradient":""},"tablet":{"background-color":"","background-image":"","background-repeat":"repeat","background-position":"center center","background-size":"auto","background-attachment":"scroll","background-type":"","background-media":"","overlay-type":"","overlay-color":"","overlay-opacity":"","overlay-gradient":""},"mobile":{"background-color":"","background-image":"","background-repeat":"repeat","background-position":"center center","background-size":"auto","background-attachment":"scroll","background-type":"","background-media":"","overlay-type":"","overlay-color":"","overlay-opacity":"","overlay-gradient":""}},"ast-content-background-meta":{"desktop":{"background-color":"var(--ast-global-color-5)","background-image":"","background-repeat":"repeat","background-position":"center center","background-size":"auto","background-attachment":"scroll","background-type":"","background-media":"","overlay-type":"","overlay-color":"","overlay-opacity":"","overlay-gradient":""},"tablet":{"background-color":"var(--ast-global-color-5)","background-image":"","background-repeat":"repeat","background-position":"center center","background-size":"auto","background-attachment":"scroll","background-type":"","background-media":"","overlay-type":"","overlay-color":"","overlay-opacity":"","overlay-gradient":""},"mobile":{"background-color":"var(--ast-global-color-5)","background-image":"","background-repeat":"repeat","background-position":"center center","background-size":"auto","background-attachment":"scroll","background-type":"","background-media":"","overlay-type":"","overlay-color":"","overlay-opacity":"","overlay-gradient":""}},"footnotes":""},"categories":[12,7,150,4],"tags":[],"class_list":["post-4842","post","type-post","status-publish","format-standard","has-post-thumbnail","hentry","category-3r","category-ampa","category-coneixement-del-medi-3r","category-portada"],"post_mailing_queue_ids":[],"_links":{"self":[{"href":"https:\/\/agora.xtec.cat\/ceipelspins-castelldefels\/wp-json\/wp\/v2\/posts\/4842","targetHints":{"allow":["GET"]}}],"collection":[{"href":"https:\/\/agora.xtec.cat\/ceipelspins-castelldefels\/wp-json\/wp\/v2\/posts"}],"about":[{"href":"https:\/\/agora.xtec.cat\/ceipelspins-castelldefels\/wp-json\/wp\/v2\/types\/post"}],"author":[{"embeddable":true,"href":"https:\/\/agora.xtec.cat\/ceipelspins-castelldefels\/wp-json\/wp\/v2\/users\/46"}],"replies":[{"embeddable":true,"href":"https:\/\/agora.xtec.cat\/ceipelspins-castelldefels\/wp-json\/wp\/v2\/comments?post=4842"}],"version-history":[{"count":1,"href":"https:\/\/agora.xtec.cat\/ceipelspins-castelldefels\/wp-json\/wp\/v2\/posts\/4842\/revisions"}],"predecessor-version":[{"id":4848,"href":"https:\/\/agora.xtec.cat\/ceipelspins-castelldefels\/wp-json\/wp\/v2\/posts\/4842\/revisions\/4848"}],"wp:featuredmedia":[{"embeddable":true,"href":"https:\/\/agora.xtec.cat\/ceipelspins-castelldefels\/wp-json\/wp\/v2\/media\/4843"}],"wp:attachment":[{"href":"https:\/\/agora.xtec.cat\/ceipelspins-castelldefels\/wp-json\/wp\/v2\/media?parent=4842"}],"wp:term":[{"taxonomy":"category","embeddable":true,"href":"https:\/\/agora.xtec.cat\/ceipelspins-castelldefels\/wp-json\/wp\/v2\/categories?post=4842"},{"taxonomy":"post_tag","embeddable":true,"href":"https:\/\/agora.xtec.cat\/ceipelspins-castelldefels\/wp-json\/wp\/v2\/tags?post=4842"}],"curies":[{"name":"wp","href":"https:\/\/api.w.org\/{rel}","templated":true}]}}