{"id":4067,"date":"2018-04-27T12:43:53","date_gmt":"2018-04-27T10:43:53","guid":{"rendered":"http:\/\/agora.xtec.cat\/ceipelspins-castelldefels\/?p=4067"},"modified":"2018-04-27T12:43:53","modified_gmt":"2018-04-27T10:43:53","slug":"p4-fa-una-amanida-amb-la-collita-de-lhort","status":"publish","type":"post","link":"https:\/\/agora.xtec.cat\/ceipelspins-castelldefels\/general\/p4-fa-una-amanida-amb-la-collita-de-lhort\/","title":{"rendered":"P4 fa una amanida amb la collita de l&#8217;hort"},"content":{"rendered":"<style type=\"text\/css\">\n\t<!--\n\t\t@page { margin: 2cm }\n\t\tP { margin-bottom: 0.21cm }\n\t-->\n\t<\/style>\n<p><span style=\"font-family: Helvetica, serif;\">Ja que\u00a0<\/span><span style=\"font-family: Helvetica, serif;\">P4<\/span><span style=\"font-family: Helvetica, serif;\">\u00a0s\u00f3n els encarregats de cuidar l&#8217;hort a Infantil, amb l&#8217;ajuda d&#8217;en Jordi i en\u00a0<\/span><span style=\"font-family: Helvetica, serif;\">Juan<\/span><span style=\"font-family: Helvetica, serif;\">\u00a0<\/span><span style=\"font-family: Helvetica, serif;\">Ram\u00f3n<\/span><span style=\"font-family: Helvetica, serif;\">, (<\/span><span style=\"font-family: Helvetica, serif;\">un pare i un avi<\/span><span style=\"font-family: Helvetica, serif;\">\u00a0)<\/span><span style=\"font-family: Helvetica, serif;\">\u00a0hem pogut portar a terme el projecte de l&#8217;hort, aquest curs hem plantat enciams, faves i pastanagues.<br \/>\nAmb totes aquestes verduretes hem decidit fer una amanida amb uns ingredients molt especials: esfor\u00e7, dedicaci\u00f3,\u00a0<\/span><span style=\"font-family: Helvetica, serif;\">il\u2022lusi\u00f3<\/span><span style=\"font-family: Helvetica, serif;\">\u00a0i paci\u00e8ncia. Gr\u00e0cies a aix\u00f2 ens ha sortit una amanida bon\u00edssima i ens l&#8217;hem menjat amb moltes ganes.<\/span><\/p>\n<p>N<span style=\"font-family: Helvetica, serif;\">yaaammm<\/span><span style=\"font-family: Helvetica, serif;\">!<\/span><\/p>\n","protected":false},"excerpt":{"rendered":"<p>Ja que\u00a0P4\u00a0s\u00f3n els encarregats de cuidar l&#8217;hort a Infantil, amb l&#8217;ajuda d&#8217;en Jordi i en\u00a0Juan\u00a0Ram\u00f3n, (un pare i un avi\u00a0)\u00a0hem pogut portar a terme el projecte de l&#8217;hort, aquest curs hem plantat enciams, faves i pastanagues. Amb totes aquestes verduretes hem decidit fer una amanida amb uns ingredients molt especials: esfor\u00e7, dedicaci\u00f3,\u00a0il\u2022lusi\u00f3\u00a0i paci\u00e8ncia. Gr\u00e0cies a [&hellip;]<\/p>\n","protected":false},"author":27,"featured_media":4068,"comment_status":"open","ping_status":"closed","sticky":false,"template":"","format":"standard","meta":{"_bbp_topic_count":0,"_bbp_reply_count":0,"_bbp_total_topic_count":0,"_bbp_total_reply_count":0,"_bbp_voice_count":0,"_bbp_anonymous_reply_count":0,"_bbp_topic_count_hidden":0,"_bbp_reply_count_hidden":0,"_bbp_forum_subforum_count":0,"site-sidebar-layout":"default","site-content-layout":"","ast-site-content-layout":"","site-content-style":"default","site-sidebar-style":"default","ast-global-header-display":"","ast-banner-title-visibility":"","ast-main-header-display":"","ast-hfb-above-header-display":"","ast-hfb-below-header-display":"","ast-hfb-mobile-header-display":"","site-post-title":"","ast-breadcrumbs-content":"","ast-featured-img":"","footer-sml-layout":"","theme-transparent-header-meta":"","adv-header-id-meta":"","stick-header-meta":"","header-above-stick-meta":"","header-main-stick-meta":"","header-below-stick-meta":"","astra-migrate-meta-layouts":"default","ast-page-background-enabled":"default","ast-page-background-meta":{"desktop":{"background-color":"var(--ast-global-color-4)","background-image":"","background-repeat":"repeat","background-position":"center center","background-size":"auto","background-attachment":"scroll","background-type":"","background-media":"","overlay-type":"","overlay-color":"","overlay-opacity":"","overlay-gradient":""},"tablet":{"background-color":"","background-image":"","background-repeat":"repeat","background-position":"center center","background-size":"auto","background-attachment":"scroll","background-type":"","background-media":"","overlay-type":"","overlay-color":"","overlay-opacity":"","overlay-gradient":""},"mobile":{"background-color":"","background-image":"","background-repeat":"repeat","background-position":"center center","background-size":"auto","background-attachment":"scroll","background-type":"","background-media":"","overlay-type":"","overlay-color":"","overlay-opacity":"","overlay-gradient":""}},"ast-content-background-meta":{"desktop":{"background-color":"var(--ast-global-color-5)","background-image":"","background-repeat":"repeat","background-position":"center center","background-size":"auto","background-attachment":"scroll","background-type":"","background-media":"","overlay-type":"","overlay-color":"","overlay-opacity":"","overlay-gradient":""},"tablet":{"background-color":"var(--ast-global-color-5)","background-image":"","background-repeat":"repeat","background-position":"center center","background-size":"auto","background-attachment":"scroll","background-type":"","background-media":"","overlay-type":"","overlay-color":"","overlay-opacity":"","overlay-gradient":""},"mobile":{"background-color":"var(--ast-global-color-5)","background-image":"","background-repeat":"repeat","background-position":"center center","background-size":"auto","background-attachment":"scroll","background-type":"","background-media":"","overlay-type":"","overlay-color":"","overlay-opacity":"","overlay-gradient":""}},"footnotes":""},"categories":[1,2,4],"tags":[],"class_list":["post-4067","post","type-post","status-publish","format-standard","has-post-thumbnail","hentry","category-general","category-infantil","category-portada"],"post_mailing_queue_ids":[],"_links":{"self":[{"href":"https:\/\/agora.xtec.cat\/ceipelspins-castelldefels\/wp-json\/wp\/v2\/posts\/4067","targetHints":{"allow":["GET"]}}],"collection":[{"href":"https:\/\/agora.xtec.cat\/ceipelspins-castelldefels\/wp-json\/wp\/v2\/posts"}],"about":[{"href":"https:\/\/agora.xtec.cat\/ceipelspins-castelldefels\/wp-json\/wp\/v2\/types\/post"}],"author":[{"embeddable":true,"href":"https:\/\/agora.xtec.cat\/ceipelspins-castelldefels\/wp-json\/wp\/v2\/users\/27"}],"replies":[{"embeddable":true,"href":"https:\/\/agora.xtec.cat\/ceipelspins-castelldefels\/wp-json\/wp\/v2\/comments?post=4067"}],"version-history":[{"count":1,"href":"https:\/\/agora.xtec.cat\/ceipelspins-castelldefels\/wp-json\/wp\/v2\/posts\/4067\/revisions"}],"predecessor-version":[{"id":4069,"href":"https:\/\/agora.xtec.cat\/ceipelspins-castelldefels\/wp-json\/wp\/v2\/posts\/4067\/revisions\/4069"}],"wp:featuredmedia":[{"embeddable":true,"href":"https:\/\/agora.xtec.cat\/ceipelspins-castelldefels\/wp-json\/wp\/v2\/media\/4068"}],"wp:attachment":[{"href":"https:\/\/agora.xtec.cat\/ceipelspins-castelldefels\/wp-json\/wp\/v2\/media?parent=4067"}],"wp:term":[{"taxonomy":"category","embeddable":true,"href":"https:\/\/agora.xtec.cat\/ceipelspins-castelldefels\/wp-json\/wp\/v2\/categories?post=4067"},{"taxonomy":"post_tag","embeddable":true,"href":"https:\/\/agora.xtec.cat\/ceipelspins-castelldefels\/wp-json\/wp\/v2\/tags?post=4067"}],"curies":[{"name":"wp","href":"https:\/\/api.w.org\/{rel}","templated":true}]}}