{"id":3905,"date":"2018-03-12T13:25:22","date_gmt":"2018-03-12T12:25:22","guid":{"rendered":"http:\/\/agora.xtec.cat\/ceipelspins-castelldefels\/?p=3905"},"modified":"2018-03-12T13:25:22","modified_gmt":"2018-03-12T12:25:22","slug":"dia-internacional-de-la-dona-a-p5","status":"publish","type":"post","link":"https:\/\/agora.xtec.cat\/ceipelspins-castelldefels\/general\/dia-internacional-de-la-dona-a-p5\/","title":{"rendered":"Dia Internacional de la dona a P5"},"content":{"rendered":"<p>Per celebrar el dia Internacional de la dona els nens i nenes de P5 hem comen\u00e7at per fer un dibuix de la dona m\u00e9s important a les nostres vides. Hem apr\u00e9s el perqu\u00e8 de la utilitzaci\u00f3 del color lila com a representant de la igualtat entre homes i dones.<\/p>\n<p>La visualitzaci\u00f3 d&#8217;uns v\u00eddeos sobre la coeducaci\u00f3 super interesants i divertits ens han ensenyat la import\u00e0ncia de la igualtat, mentres menj\u00e0vem crispetes.<\/p>\n<p>Tamb\u00e9 hem fet un taller de maquillatge on ens hem intercanviat els papers entre nens i nenes.\u00a0 Per acabar hem fet\u00a0el nostre autoretrat. Al sortir de l&#8217;escola ens han acompanyat els globus liles que ens han ajudat a inflar els nens i nenes de prim\u00e0ria.<\/p>\n<p><a href=\"http:\/\/agora.xtec.cat\/ceipelspins-castelldefels\/wp-content\/uploads\/usu612\/2018\/03\/20180308_162418.jpg\"><img loading=\"lazy\" decoding=\"async\" class=\"wp-image-3906 aligncenter\" src=\"http:\/\/agora.xtec.cat\/ceipelspins-castelldefels\/wp-content\/uploads\/usu612\/2018\/03\/20180308_162418.jpg\" alt=\"\" width=\"347\" height=\"208\" srcset=\"https:\/\/agora.xtec.cat\/ceipelspins-castelldefels\/wp-content\/uploads\/usu612\/2018\/03\/20180308_162418.jpg 1022w, https:\/\/agora.xtec.cat\/ceipelspins-castelldefels\/wp-content\/uploads\/usu612\/2018\/03\/20180308_162418-300x180.jpg 300w, https:\/\/agora.xtec.cat\/ceipelspins-castelldefels\/wp-content\/uploads\/usu612\/2018\/03\/20180308_162418-768x461.jpg 768w\" sizes=\"auto, (max-width: 347px) 100vw, 347px\" \/><\/a><\/p>\n<p>&nbsp;<\/p>\n","protected":false},"excerpt":{"rendered":"<p>Per celebrar el dia Internacional de la dona els nens i nenes de P5 hem comen\u00e7at per fer un dibuix de la dona m\u00e9s important a les nostres vides. Hem apr\u00e9s el perqu\u00e8 de la utilitzaci\u00f3 del color lila com a representant de la igualtat entre homes i dones. La visualitzaci\u00f3 d&#8217;uns v\u00eddeos sobre la [&hellip;]<\/p>\n","protected":false},"author":1,"featured_media":0,"comment_status":"open","ping_status":"closed","sticky":false,"template":"","format":"standard","meta":{"_bbp_topic_count":0,"_bbp_reply_count":0,"_bbp_total_topic_count":0,"_bbp_total_reply_count":0,"_bbp_voice_count":0,"_bbp_anonymous_reply_count":0,"_bbp_topic_count_hidden":0,"_bbp_reply_count_hidden":0,"_bbp_forum_subforum_count":0,"site-sidebar-layout":"default","site-content-layout":"","ast-site-content-layout":"","site-content-style":"default","site-sidebar-style":"default","ast-global-header-display":"","ast-banner-title-visibility":"","ast-main-header-display":"","ast-hfb-above-header-display":"","ast-hfb-below-header-display":"","ast-hfb-mobile-header-display":"","site-post-title":"","ast-breadcrumbs-content":"","ast-featured-img":"","footer-sml-layout":"","theme-transparent-header-meta":"","adv-header-id-meta":"","stick-header-meta":"","header-above-stick-meta":"","header-main-stick-meta":"","header-below-stick-meta":"","astra-migrate-meta-layouts":"default","ast-page-background-enabled":"default","ast-page-background-meta":{"desktop":{"background-color":"var(--ast-global-color-4)","background-image":"","background-repeat":"repeat","background-position":"center center","background-size":"auto","background-attachment":"scroll","background-type":"","background-media":"","overlay-type":"","overlay-color":"","overlay-opacity":"","overlay-gradient":""},"tablet":{"background-color":"","background-image":"","background-repeat":"repeat","background-position":"center center","background-size":"auto","background-attachment":"scroll","background-type":"","background-media":"","overlay-type":"","overlay-color":"","overlay-opacity":"","overlay-gradient":""},"mobile":{"background-color":"","background-image":"","background-repeat":"repeat","background-position":"center center","background-size":"auto","background-attachment":"scroll","background-type":"","background-media":"","overlay-type":"","overlay-color":"","overlay-opacity":"","overlay-gradient":""}},"ast-content-background-meta":{"desktop":{"background-color":"var(--ast-global-color-5)","background-image":"","background-repeat":"repeat","background-position":"center center","background-size":"auto","background-attachment":"scroll","background-type":"","background-media":"","overlay-type":"","overlay-color":"","overlay-opacity":"","overlay-gradient":""},"tablet":{"background-color":"var(--ast-global-color-5)","background-image":"","background-repeat":"repeat","background-position":"center center","background-size":"auto","background-attachment":"scroll","background-type":"","background-media":"","overlay-type":"","overlay-color":"","overlay-opacity":"","overlay-gradient":""},"mobile":{"background-color":"var(--ast-global-color-5)","background-image":"","background-repeat":"repeat","background-position":"center center","background-size":"auto","background-attachment":"scroll","background-type":"","background-media":"","overlay-type":"","overlay-color":"","overlay-opacity":"","overlay-gradient":""}},"footnotes":""},"categories":[1,2,4],"tags":[],"class_list":["post-3905","post","type-post","status-publish","format-standard","hentry","category-general","category-infantil","category-portada"],"post_mailing_queue_ids":[],"_links":{"self":[{"href":"https:\/\/agora.xtec.cat\/ceipelspins-castelldefels\/wp-json\/wp\/v2\/posts\/3905","targetHints":{"allow":["GET"]}}],"collection":[{"href":"https:\/\/agora.xtec.cat\/ceipelspins-castelldefels\/wp-json\/wp\/v2\/posts"}],"about":[{"href":"https:\/\/agora.xtec.cat\/ceipelspins-castelldefels\/wp-json\/wp\/v2\/types\/post"}],"author":[{"embeddable":true,"href":"https:\/\/agora.xtec.cat\/ceipelspins-castelldefels\/wp-json\/wp\/v2\/users\/1"}],"replies":[{"embeddable":true,"href":"https:\/\/agora.xtec.cat\/ceipelspins-castelldefels\/wp-json\/wp\/v2\/comments?post=3905"}],"version-history":[{"count":1,"href":"https:\/\/agora.xtec.cat\/ceipelspins-castelldefels\/wp-json\/wp\/v2\/posts\/3905\/revisions"}],"predecessor-version":[{"id":3907,"href":"https:\/\/agora.xtec.cat\/ceipelspins-castelldefels\/wp-json\/wp\/v2\/posts\/3905\/revisions\/3907"}],"wp:attachment":[{"href":"https:\/\/agora.xtec.cat\/ceipelspins-castelldefels\/wp-json\/wp\/v2\/media?parent=3905"}],"wp:term":[{"taxonomy":"category","embeddable":true,"href":"https:\/\/agora.xtec.cat\/ceipelspins-castelldefels\/wp-json\/wp\/v2\/categories?post=3905"},{"taxonomy":"post_tag","embeddable":true,"href":"https:\/\/agora.xtec.cat\/ceipelspins-castelldefels\/wp-json\/wp\/v2\/tags?post=3905"}],"curies":[{"name":"wp","href":"https:\/\/api.w.org\/{rel}","templated":true}]}}