{"id":2838,"date":"2017-03-07T20:23:27","date_gmt":"2017-03-07T19:23:27","guid":{"rendered":"http:\/\/agora.xtec.cat\/ceipelspins-castelldefels\/?p=2838"},"modified":"2017-03-07T20:24:35","modified_gmt":"2017-03-07T19:24:35","slug":"taller-sobre-el-sistema-solar-a-5e","status":"publish","type":"post","link":"https:\/\/agora.xtec.cat\/ceipelspins-castelldefels\/general\/taller-sobre-el-sistema-solar-a-5e\/","title":{"rendered":"Taller sobre el Sistema Solar a 5\u00e8"},"content":{"rendered":"<p>Avui dia 7 de mar\u00e7 els\/les alumnes de cinqu\u00e8 han participat d&#8217;un taller d&#8217;Astronomia sobre la formaci\u00f3 de cr\u00e0ters al Sistema Solar, ha estat molt interessant! Hem vist fotografies de cr\u00e0ters a la Lluna i posant-nos unes ulleres els hem vist en tres dimensions i hem apr\u00e8s que alguns\u00a0s\u00f3n tan profunds com l&#8217;altura de l&#8217;Everest! A m\u00e9s a m\u00e9s de l&#8217;explicaci\u00f3 te\u00f3rica, hem experimentat amb farina i Cola-Cao com els cr\u00e0ters es formen. Els resultats han estat fant\u00e0stics, podeu veure les fotograf\u00edes a la nostra carpeta.<a href=\"http:\/\/agora.xtec.cat\/ceipelspins-castelldefels\/wp-content\/uploads\/usu612\/2017\/03\/IMG_0588.jpg\"><img loading=\"lazy\" decoding=\"async\" class=\"wp-image-2839 size-large aligncenter\" src=\"http:\/\/agora.xtec.cat\/ceipelspins-castelldefels\/wp-content\/uploads\/usu612\/2017\/03\/IMG_0588-1024x768.jpg\" alt=\"img_0588\" width=\"1024\" height=\"768\" srcset=\"https:\/\/agora.xtec.cat\/ceipelspins-castelldefels\/wp-content\/uploads\/usu612\/2017\/03\/IMG_0588-1024x768.jpg 1024w, https:\/\/agora.xtec.cat\/ceipelspins-castelldefels\/wp-content\/uploads\/usu612\/2017\/03\/IMG_0588-300x225.jpg 300w, https:\/\/agora.xtec.cat\/ceipelspins-castelldefels\/wp-content\/uploads\/usu612\/2017\/03\/IMG_0588-768x576.jpg 768w, https:\/\/agora.xtec.cat\/ceipelspins-castelldefels\/wp-content\/uploads\/usu612\/2017\/03\/IMG_0588-200x150.jpg 200w\" sizes=\"auto, (max-width: 1024px) 100vw, 1024px\" \/><\/a><\/p>\n","protected":false},"excerpt":{"rendered":"<p>Avui dia 7 de mar\u00e7 els\/les alumnes de cinqu\u00e8 han participat d&#8217;un taller d&#8217;Astronomia sobre la formaci\u00f3 de cr\u00e0ters al Sistema Solar, ha estat molt interessant! Hem vist fotografies de cr\u00e0ters a la Lluna i posant-nos unes ulleres els hem vist en tres dimensions i hem apr\u00e8s que alguns\u00a0s\u00f3n tan profunds com l&#8217;altura de l&#8217;Everest! [&hellip;]<\/p>\n","protected":false},"author":1,"featured_media":2839,"comment_status":"open","ping_status":"open","sticky":false,"template":"","format":"standard","meta":{"_bbp_topic_count":0,"_bbp_reply_count":0,"_bbp_total_topic_count":0,"_bbp_total_reply_count":0,"_bbp_voice_count":0,"_bbp_anonymous_reply_count":0,"_bbp_topic_count_hidden":0,"_bbp_reply_count_hidden":0,"_bbp_forum_subforum_count":0,"site-sidebar-layout":"default","site-content-layout":"","ast-site-content-layout":"","site-content-style":"default","site-sidebar-style":"default","ast-global-header-display":"","ast-banner-title-visibility":"","ast-main-header-display":"","ast-hfb-above-header-display":"","ast-hfb-below-header-display":"","ast-hfb-mobile-header-display":"","site-post-title":"","ast-breadcrumbs-content":"","ast-featured-img":"","footer-sml-layout":"","theme-transparent-header-meta":"","adv-header-id-meta":"","stick-header-meta":"","header-above-stick-meta":"","header-main-stick-meta":"","header-below-stick-meta":"","astra-migrate-meta-layouts":"default","ast-page-background-enabled":"default","ast-page-background-meta":{"desktop":{"background-color":"var(--ast-global-color-4)","background-image":"","background-repeat":"repeat","background-position":"center center","background-size":"auto","background-attachment":"scroll","background-type":"","background-media":"","overlay-type":"","overlay-color":"","overlay-opacity":"","overlay-gradient":""},"tablet":{"background-color":"","background-image":"","background-repeat":"repeat","background-position":"center center","background-size":"auto","background-attachment":"scroll","background-type":"","background-media":"","overlay-type":"","overlay-color":"","overlay-opacity":"","overlay-gradient":""},"mobile":{"background-color":"","background-image":"","background-repeat":"repeat","background-position":"center center","background-size":"auto","background-attachment":"scroll","background-type":"","background-media":"","overlay-type":"","overlay-color":"","overlay-opacity":"","overlay-gradient":""}},"ast-content-background-meta":{"desktop":{"background-color":"var(--ast-global-color-5)","background-image":"","background-repeat":"repeat","background-position":"center center","background-size":"auto","background-attachment":"scroll","background-type":"","background-media":"","overlay-type":"","overlay-color":"","overlay-opacity":"","overlay-gradient":""},"tablet":{"background-color":"var(--ast-global-color-5)","background-image":"","background-repeat":"repeat","background-position":"center center","background-size":"auto","background-attachment":"scroll","background-type":"","background-media":"","overlay-type":"","overlay-color":"","overlay-opacity":"","overlay-gradient":""},"mobile":{"background-color":"var(--ast-global-color-5)","background-image":"","background-repeat":"repeat","background-position":"center center","background-size":"auto","background-attachment":"scroll","background-type":"","background-media":"","overlay-type":"","overlay-color":"","overlay-opacity":"","overlay-gradient":""}},"footnotes":""},"categories":[14,152,1,4],"tags":[],"class_list":["post-2838","post","type-post","status-publish","format-standard","has-post-thumbnail","hentry","category-5e","category-coneixement-del-medi-5e","category-general","category-portada"],"post_mailing_queue_ids":[],"_links":{"self":[{"href":"https:\/\/agora.xtec.cat\/ceipelspins-castelldefels\/wp-json\/wp\/v2\/posts\/2838","targetHints":{"allow":["GET"]}}],"collection":[{"href":"https:\/\/agora.xtec.cat\/ceipelspins-castelldefels\/wp-json\/wp\/v2\/posts"}],"about":[{"href":"https:\/\/agora.xtec.cat\/ceipelspins-castelldefels\/wp-json\/wp\/v2\/types\/post"}],"author":[{"embeddable":true,"href":"https:\/\/agora.xtec.cat\/ceipelspins-castelldefels\/wp-json\/wp\/v2\/users\/1"}],"replies":[{"embeddable":true,"href":"https:\/\/agora.xtec.cat\/ceipelspins-castelldefels\/wp-json\/wp\/v2\/comments?post=2838"}],"version-history":[{"count":3,"href":"https:\/\/agora.xtec.cat\/ceipelspins-castelldefels\/wp-json\/wp\/v2\/posts\/2838\/revisions"}],"predecessor-version":[{"id":2842,"href":"https:\/\/agora.xtec.cat\/ceipelspins-castelldefels\/wp-json\/wp\/v2\/posts\/2838\/revisions\/2842"}],"wp:featuredmedia":[{"embeddable":true,"href":"https:\/\/agora.xtec.cat\/ceipelspins-castelldefels\/wp-json\/wp\/v2\/media\/2839"}],"wp:attachment":[{"href":"https:\/\/agora.xtec.cat\/ceipelspins-castelldefels\/wp-json\/wp\/v2\/media?parent=2838"}],"wp:term":[{"taxonomy":"category","embeddable":true,"href":"https:\/\/agora.xtec.cat\/ceipelspins-castelldefels\/wp-json\/wp\/v2\/categories?post=2838"},{"taxonomy":"post_tag","embeddable":true,"href":"https:\/\/agora.xtec.cat\/ceipelspins-castelldefels\/wp-json\/wp\/v2\/tags?post=2838"}],"curies":[{"name":"wp","href":"https:\/\/api.w.org\/{rel}","templated":true}]}}