{"id":2533,"date":"2016-12-05T16:04:13","date_gmt":"2016-12-05T15:04:13","guid":{"rendered":"http:\/\/agora.xtec.cat\/ceipelspins-castelldefels\/?p=2533"},"modified":"2016-12-05T16:05:22","modified_gmt":"2016-12-05T15:05:22","slug":"vestuari-festival-de-nadal","status":"publish","type":"post","link":"https:\/\/agora.xtec.cat\/ceipelspins-castelldefels\/general\/vestuari-festival-de-nadal\/","title":{"rendered":"Vestuari Festival de Nadal"},"content":{"rendered":"<p>Benvolgudes fam\u00edlies de Prim\u00e0ria,<\/p>\n<p>Aprofitem aquest missatge per comunicar-vos el vestuari de l&#8217;alumnat de Prim\u00e0ria del festival de Nadal. Recordar-vos alhora les dates dels festivals:<\/p>\n<p><strong>DIMARTS 20 de desembre &#8211; FESTIVAL DE 1r, 2n i 3r<\/strong><\/p>\n<p><strong>1r de prim\u00e0ria:<\/strong> NENS: PANTAL\u00d3 NEGRE I SAMARRETA BLANCA AMB 4 ESTELS DE GOMA EVA PLATEJADA ENGANXATS \/\/ NENES: FALDILLA NEGRA I A DALT BLUSA, SAMARRETA O MOBO DE COLOR BLANC, AMB ELS 4 ESTELS TAMB\u00c9. ALHORA TAMB\u00c9 UN LLACET DE COLOR VERMELL AL CABELL.<\/p>\n<p><strong>2n de prim\u00e0ria:<\/strong> PANTAL\u00d3 NEGRE I SAMARRETA BLANCA I DOS GUANTS DE DIFERENT COLOR CADASCUN D&#8217;ELLS.<\/p>\n<p><strong>3r de prim\u00e0ria:<\/strong> PANTAL\u00d3 NEGRE I SAMARRETA LLISA DE COLORS LLAMPANTS (COLORS DIFERENTS), AMB GORRO D&#8217;HIVERN A JOC.<\/p>\n<p><strong>DIMECRES 21 de desembre &#8211; FESTIVAL DE 4t, 5\u00e8 i 6\u00e8<\/strong><\/p>\n<p><strong>4t de prim\u00e0ria:<\/strong> PANTAL\u00d3 NEGRE I MOBO BLANC.<\/p>\n<p><strong>5\u00e8 de prim\u00e0ria:<\/strong> PANTALONS TEXANS, CAMISA BLANCA I TIRANTS, AMB BOINA OPCIONAL.<\/p>\n<p><strong>6\u00e8 de prim\u00e0ria:<\/strong> NOIES: VESTIT LLAMPANT O FALDILLA LLARGA+SAMARRETA DE COLORS LLISA \/\/ NOIS: TEXANS I CAMISA D&#8217;UN SOL COLOR (LLISA).<\/p>\n<p>Recordeu que el <strong>DIJOUS 22 de desembre \u00e9s el FESTIVAL INTERN de l&#8217;escola<\/strong> i haurem d&#8217;anar vestits igual.<\/p>\n<p>Moltes gr\u00e0cies.<\/p>\n<p>Atentament,<\/p>\n<p>Marc (m\u00fasica).<\/p>\n","protected":false},"excerpt":{"rendered":"<p>Benvolgudes fam\u00edlies de Prim\u00e0ria, Aprofitem aquest missatge per comunicar-vos el vestuari de l&#8217;alumnat de Prim\u00e0ria del festival de Nadal. Recordar-vos alhora les dates dels festivals: DIMARTS 20 de desembre &#8211; FESTIVAL DE 1r, 2n i 3r 1r de prim\u00e0ria: NENS: PANTAL\u00d3 NEGRE I SAMARRETA BLANCA AMB 4 ESTELS DE GOMA EVA PLATEJADA ENGANXATS \/\/ NENES: [&hellip;]<\/p>\n","protected":false},"author":1,"featured_media":0,"comment_status":"open","ping_status":"open","sticky":false,"template":"","format":"standard","meta":{"_bbp_topic_count":0,"_bbp_reply_count":0,"_bbp_total_topic_count":0,"_bbp_total_reply_count":0,"_bbp_voice_count":0,"_bbp_anonymous_reply_count":0,"_bbp_topic_count_hidden":0,"_bbp_reply_count_hidden":0,"_bbp_forum_subforum_count":0,"site-sidebar-layout":"default","site-content-layout":"","ast-site-content-layout":"","site-content-style":"default","site-sidebar-style":"default","ast-global-header-display":"","ast-banner-title-visibility":"","ast-main-header-display":"","ast-hfb-above-header-display":"","ast-hfb-below-header-display":"","ast-hfb-mobile-header-display":"","site-post-title":"","ast-breadcrumbs-content":"","ast-featured-img":"","footer-sml-layout":"","theme-transparent-header-meta":"","adv-header-id-meta":"","stick-header-meta":"","header-above-stick-meta":"","header-main-stick-meta":"","header-below-stick-meta":"","astra-migrate-meta-layouts":"default","ast-page-background-enabled":"default","ast-page-background-meta":{"desktop":{"background-color":"var(--ast-global-color-4)","background-image":"","background-repeat":"repeat","background-position":"center center","background-size":"auto","background-attachment":"scroll","background-type":"","background-media":"","overlay-type":"","overlay-color":"","overlay-opacity":"","overlay-gradient":""},"tablet":{"background-color":"","background-image":"","background-repeat":"repeat","background-position":"center center","background-size":"auto","background-attachment":"scroll","background-type":"","background-media":"","overlay-type":"","overlay-color":"","overlay-opacity":"","overlay-gradient":""},"mobile":{"background-color":"","background-image":"","background-repeat":"repeat","background-position":"center center","background-size":"auto","background-attachment":"scroll","background-type":"","background-media":"","overlay-type":"","overlay-color":"","overlay-opacity":"","overlay-gradient":""}},"ast-content-background-meta":{"desktop":{"background-color":"var(--ast-global-color-5)","background-image":"","background-repeat":"repeat","background-position":"center center","background-size":"auto","background-attachment":"scroll","background-type":"","background-media":"","overlay-type":"","overlay-color":"","overlay-opacity":"","overlay-gradient":""},"tablet":{"background-color":"var(--ast-global-color-5)","background-image":"","background-repeat":"repeat","background-position":"center center","background-size":"auto","background-attachment":"scroll","background-type":"","background-media":"","overlay-type":"","overlay-color":"","overlay-opacity":"","overlay-gradient":""},"mobile":{"background-color":"var(--ast-global-color-5)","background-image":"","background-repeat":"repeat","background-position":"center center","background-size":"auto","background-attachment":"scroll","background-type":"","background-media":"","overlay-type":"","overlay-color":"","overlay-opacity":"","overlay-gradient":""}},"footnotes":""},"categories":[10,11,12,13,14,15,1,158,50,4],"tags":[],"class_list":["post-2533","post","type-post","status-publish","format-standard","hentry","category-1r","category-2n","category-3r","category-4t","category-5e","category-6e","category-general","category-musica","category-nadal","category-portada"],"post_mailing_queue_ids":[],"_links":{"self":[{"href":"https:\/\/agora.xtec.cat\/ceipelspins-castelldefels\/wp-json\/wp\/v2\/posts\/2533","targetHints":{"allow":["GET"]}}],"collection":[{"href":"https:\/\/agora.xtec.cat\/ceipelspins-castelldefels\/wp-json\/wp\/v2\/posts"}],"about":[{"href":"https:\/\/agora.xtec.cat\/ceipelspins-castelldefels\/wp-json\/wp\/v2\/types\/post"}],"author":[{"embeddable":true,"href":"https:\/\/agora.xtec.cat\/ceipelspins-castelldefels\/wp-json\/wp\/v2\/users\/1"}],"replies":[{"embeddable":true,"href":"https:\/\/agora.xtec.cat\/ceipelspins-castelldefels\/wp-json\/wp\/v2\/comments?post=2533"}],"version-history":[{"count":2,"href":"https:\/\/agora.xtec.cat\/ceipelspins-castelldefels\/wp-json\/wp\/v2\/posts\/2533\/revisions"}],"predecessor-version":[{"id":2535,"href":"https:\/\/agora.xtec.cat\/ceipelspins-castelldefels\/wp-json\/wp\/v2\/posts\/2533\/revisions\/2535"}],"wp:attachment":[{"href":"https:\/\/agora.xtec.cat\/ceipelspins-castelldefels\/wp-json\/wp\/v2\/media?parent=2533"}],"wp:term":[{"taxonomy":"category","embeddable":true,"href":"https:\/\/agora.xtec.cat\/ceipelspins-castelldefels\/wp-json\/wp\/v2\/categories?post=2533"},{"taxonomy":"post_tag","embeddable":true,"href":"https:\/\/agora.xtec.cat\/ceipelspins-castelldefels\/wp-json\/wp\/v2\/tags?post=2533"}],"curies":[{"name":"wp","href":"https:\/\/api.w.org\/{rel}","templated":true}]}}