{"id":1083,"date":"2016-02-02T13:50:20","date_gmt":"2016-02-02T12:50:20","guid":{"rendered":"http:\/\/agora.xtec.cat\/ceipelspins-castelldefels\/?p=1083"},"modified":"2016-02-02T13:50:20","modified_gmt":"2016-02-02T12:50:20","slug":"carnaval-la-decoracio","status":"publish","type":"post","link":"https:\/\/agora.xtec.cat\/ceipelspins-castelldefels\/portada\/carnaval-la-decoracio\/","title":{"rendered":"Carnaval: La Decoraci\u00f3"},"content":{"rendered":"<p>El Carnaval com la resta de festes tradicionals queda dins del programa educatiu de l&#8217;escola. Aquesta festa s&#8217;adapta al tema Transversal escollit pel Claustre.<\/p>\n<p>L&#8217;escola treballa per mantenir els espais de qualitat i facilita que siguin decorats i que aquesta decoraci\u00f3 es renovi amb criteris pl\u00e0stics i educadors. Els alumnes, els mestres, els monitors i les fam\u00edlies tenen assignats espais i moments del curs per fer els canvis i per tant es comparteix l&#8217;objectiu fonamentat de tota escola a nivell art\u00edstic: IMAGINAR i CREAR.<\/p>\n<p>Aix\u00ed ens organitzem a partir de tres grans motius.<\/p>\n<ol>\n<li>TEMPS NATURAL: les estacions de l&#8217;any: HIVERN.<\/li>\n<li>TEMPS CULTURAL: les festes tradicionals: EL CARNAVAL.<\/li>\n<li>TEMPS ESCOLAR: Projecte anual transversal: VEGETABLE GARDENS.<\/li>\n<\/ol>\n<table>\n<tbody>\n<tr>\n<td>\u00a0<a href=\"http:\/\/agora.xtec.cat\/ceipelspins-castelldefels\/wp-content\/uploads\/usu612\/2016\/02\/fotos-pepe-tf-febrer-16-712.jpg\"><img loading=\"lazy\" decoding=\"async\" class=\"alignnone  wp-image-1075\" src=\"http:\/\/agora.xtec.cat\/ceipelspins-castelldefels\/wp-content\/uploads\/usu612\/2016\/02\/fotos-pepe-tf-febrer-16-712-1024x768.jpg\" alt=\"fotos pepe tf febrer-16 712\" width=\"414\" height=\"311\" srcset=\"https:\/\/agora.xtec.cat\/ceipelspins-castelldefels\/wp-content\/uploads\/usu612\/2016\/02\/fotos-pepe-tf-febrer-16-712-1024x768.jpg 1024w, https:\/\/agora.xtec.cat\/ceipelspins-castelldefels\/wp-content\/uploads\/usu612\/2016\/02\/fotos-pepe-tf-febrer-16-712-300x225.jpg 300w, https:\/\/agora.xtec.cat\/ceipelspins-castelldefels\/wp-content\/uploads\/usu612\/2016\/02\/fotos-pepe-tf-febrer-16-712-200x150.jpg 200w, https:\/\/agora.xtec.cat\/ceipelspins-castelldefels\/wp-content\/uploads\/usu612\/2016\/02\/fotos-pepe-tf-febrer-16-712.jpg 2048w\" sizes=\"auto, (max-width: 414px) 100vw, 414px\" \/><\/a><\/td>\n<td><a href=\"http:\/\/agora.xtec.cat\/ceipelspins-castelldefels\/wp-content\/uploads\/usu612\/2014\/09\/fotos-pepe-tf-febrer-16-721.jpg\"><img loading=\"lazy\" decoding=\"async\" class=\"alignnone  wp-image-1069\" src=\"http:\/\/agora.xtec.cat\/ceipelspins-castelldefels\/wp-content\/uploads\/usu612\/2014\/09\/fotos-pepe-tf-febrer-16-721-1024x768.jpg\" alt=\"fotos pepe tf febrer-16 721\" width=\"420\" height=\"315\" srcset=\"https:\/\/agora.xtec.cat\/ceipelspins-castelldefels\/wp-content\/uploads\/usu612\/2014\/09\/fotos-pepe-tf-febrer-16-721-1024x768.jpg 1024w, https:\/\/agora.xtec.cat\/ceipelspins-castelldefels\/wp-content\/uploads\/usu612\/2014\/09\/fotos-pepe-tf-febrer-16-721-300x225.jpg 300w, https:\/\/agora.xtec.cat\/ceipelspins-castelldefels\/wp-content\/uploads\/usu612\/2014\/09\/fotos-pepe-tf-febrer-16-721-200x150.jpg 200w, https:\/\/agora.xtec.cat\/ceipelspins-castelldefels\/wp-content\/uploads\/usu612\/2014\/09\/fotos-pepe-tf-febrer-16-721.jpg 2048w\" sizes=\"auto, (max-width: 420px) 100vw, 420px\" \/><\/a><\/td>\n<\/tr>\n<\/tbody>\n<\/table>\n<p>Aquesta excel\u00b7lent feina pl\u00e0stica s&#8217;aconsegueix gr\u00e0cies a la coordinaci\u00f3 entre mestres, monitors, fam\u00edlies i el treball pl\u00e0stic dels alumnes de tot el centre.<\/p>\n<p>Una escola preciosa que la gaudim cada dia.<\/p>\n","protected":false},"excerpt":{"rendered":"<p>El Carnaval com la resta de festes tradicionals queda dins del programa educatiu de l&#8217;escola. Aquesta festa s&#8217;adapta al tema Transversal escollit pel Claustre. L&#8217;escola treballa per mantenir els espais de qualitat i facilita que siguin decorats i que aquesta decoraci\u00f3 es renovi amb criteris pl\u00e0stics i educadors. Els alumnes, els mestres, els monitors i [&hellip;]<\/p>\n","protected":false},"author":20,"featured_media":1073,"comment_status":"open","ping_status":"open","sticky":false,"template":"","format":"standard","meta":{"_bbp_topic_count":0,"_bbp_reply_count":0,"_bbp_total_topic_count":0,"_bbp_total_reply_count":0,"_bbp_voice_count":0,"_bbp_anonymous_reply_count":0,"_bbp_topic_count_hidden":0,"_bbp_reply_count_hidden":0,"_bbp_forum_subforum_count":0,"site-sidebar-layout":"default","site-content-layout":"","ast-site-content-layout":"","site-content-style":"default","site-sidebar-style":"default","ast-global-header-display":"","ast-banner-title-visibility":"","ast-main-header-display":"","ast-hfb-above-header-display":"","ast-hfb-below-header-display":"","ast-hfb-mobile-header-display":"","site-post-title":"","ast-breadcrumbs-content":"","ast-featured-img":"","footer-sml-layout":"","theme-transparent-header-meta":"","adv-header-id-meta":"","stick-header-meta":"","header-above-stick-meta":"","header-main-stick-meta":"","header-below-stick-meta":"","astra-migrate-meta-layouts":"default","ast-page-background-enabled":"default","ast-page-background-meta":{"desktop":{"background-color":"var(--ast-global-color-4)","background-image":"","background-repeat":"repeat","background-position":"center center","background-size":"auto","background-attachment":"scroll","background-type":"","background-media":"","overlay-type":"","overlay-color":"","overlay-opacity":"","overlay-gradient":""},"tablet":{"background-color":"","background-image":"","background-repeat":"repeat","background-position":"center center","background-size":"auto","background-attachment":"scroll","background-type":"","background-media":"","overlay-type":"","overlay-color":"","overlay-opacity":"","overlay-gradient":""},"mobile":{"background-color":"","background-image":"","background-repeat":"repeat","background-position":"center center","background-size":"auto","background-attachment":"scroll","background-type":"","background-media":"","overlay-type":"","overlay-color":"","overlay-opacity":"","overlay-gradient":""}},"ast-content-background-meta":{"desktop":{"background-color":"var(--ast-global-color-5)","background-image":"","background-repeat":"repeat","background-position":"center center","background-size":"auto","background-attachment":"scroll","background-type":"","background-media":"","overlay-type":"","overlay-color":"","overlay-opacity":"","overlay-gradient":""},"tablet":{"background-color":"var(--ast-global-color-5)","background-image":"","background-repeat":"repeat","background-position":"center center","background-size":"auto","background-attachment":"scroll","background-type":"","background-media":"","overlay-type":"","overlay-color":"","overlay-opacity":"","overlay-gradient":""},"mobile":{"background-color":"var(--ast-global-color-5)","background-image":"","background-repeat":"repeat","background-position":"center center","background-size":"auto","background-attachment":"scroll","background-type":"","background-media":"","overlay-type":"","overlay-color":"","overlay-opacity":"","overlay-gradient":""}},"footnotes":""},"categories":[7,64,25,81,4],"tags":[],"class_list":["post-1083","post","type-post","status-publish","format-standard","has-post-thumbnail","hentry","category-ampa","category-carnaval","category-extraescolars","category-menjador","category-portada"],"post_mailing_queue_ids":[],"_links":{"self":[{"href":"https:\/\/agora.xtec.cat\/ceipelspins-castelldefels\/wp-json\/wp\/v2\/posts\/1083","targetHints":{"allow":["GET"]}}],"collection":[{"href":"https:\/\/agora.xtec.cat\/ceipelspins-castelldefels\/wp-json\/wp\/v2\/posts"}],"about":[{"href":"https:\/\/agora.xtec.cat\/ceipelspins-castelldefels\/wp-json\/wp\/v2\/types\/post"}],"author":[{"embeddable":true,"href":"https:\/\/agora.xtec.cat\/ceipelspins-castelldefels\/wp-json\/wp\/v2\/users\/20"}],"replies":[{"embeddable":true,"href":"https:\/\/agora.xtec.cat\/ceipelspins-castelldefels\/wp-json\/wp\/v2\/comments?post=1083"}],"version-history":[{"count":2,"href":"https:\/\/agora.xtec.cat\/ceipelspins-castelldefels\/wp-json\/wp\/v2\/posts\/1083\/revisions"}],"predecessor-version":[{"id":1085,"href":"https:\/\/agora.xtec.cat\/ceipelspins-castelldefels\/wp-json\/wp\/v2\/posts\/1083\/revisions\/1085"}],"wp:featuredmedia":[{"embeddable":true,"href":"https:\/\/agora.xtec.cat\/ceipelspins-castelldefels\/wp-json\/wp\/v2\/media\/1073"}],"wp:attachment":[{"href":"https:\/\/agora.xtec.cat\/ceipelspins-castelldefels\/wp-json\/wp\/v2\/media?parent=1083"}],"wp:term":[{"taxonomy":"category","embeddable":true,"href":"https:\/\/agora.xtec.cat\/ceipelspins-castelldefels\/wp-json\/wp\/v2\/categories?post=1083"},{"taxonomy":"post_tag","embeddable":true,"href":"https:\/\/agora.xtec.cat\/ceipelspins-castelldefels\/wp-json\/wp\/v2\/tags?post=1083"}],"curies":[{"name":"wp","href":"https:\/\/api.w.org\/{rel}","templated":true}]}}