{"id":5625,"date":"2023-06-02T18:49:07","date_gmt":"2023-06-02T16:49:07","guid":{"rendered":"https:\/\/agora.xtec.cat\/ceipelsitjar\/?p=5625"},"modified":"2023-06-02T18:49:07","modified_gmt":"2023-06-02T16:49:07","slug":"ballem-sardanes-per-la-festa-major","status":"publish","type":"post","link":"https:\/\/agora.xtec.cat\/ceipelsitjar\/general\/ballem-sardanes-per-la-festa-major\/","title":{"rendered":"BALLEM SARDANES PER LA FESTA MAJOR"},"content":{"rendered":"<p>Un grup d&#8217;alumnes de CM i CS van participar al Concurs de Colles Sardanistes, encara que fos fora de concurs, que es va celebrar a Linyola el passat\u00a0 dissabte 20 de maig a la tarda dins dels actes de la Festa Major. Cal dir que els alumnes participants ho van fer molt b\u00e9 i s&#8217;agraeix la bona disposici\u00f3 per part seva per assajar durant quatre dijous a migdia. Vam passar una bona estona junts i al final vam ballar tots plegats la sardana de germanor, enguany amb la famosa <em>&#8220;Coti x Coti&#8221;<\/em> de The Tyets en versi\u00f3 cobla.<\/p>\n<p>Per veure m\u00e9s fotografies i v\u00eddeos cliqueu a la seg\u00fcent imatge:<\/p>\n<p><a href=\"https:\/\/photos.app.goo.gl\/KqNywVX2VRMKZwtWA\"><img loading=\"lazy\" decoding=\"async\" class=\"alignnone size-large wp-image-5626\" src=\"https:\/\/agora.xtec.cat\/ceipelsitjar\/wp-content\/uploads\/usu1354\/2023\/06\/WhatsApp-Image-2023-05-22-at-17.42.30-1024x683.jpeg\" alt=\"\" width=\"1024\" height=\"683\" srcset=\"https:\/\/agora.xtec.cat\/ceipelsitjar\/wp-content\/uploads\/usu1354\/2023\/06\/WhatsApp-Image-2023-05-22-at-17.42.30-1024x683.jpeg 1024w, https:\/\/agora.xtec.cat\/ceipelsitjar\/wp-content\/uploads\/usu1354\/2023\/06\/WhatsApp-Image-2023-05-22-at-17.42.30-300x200.jpeg 300w, https:\/\/agora.xtec.cat\/ceipelsitjar\/wp-content\/uploads\/usu1354\/2023\/06\/WhatsApp-Image-2023-05-22-at-17.42.30-768x512.jpeg 768w, https:\/\/agora.xtec.cat\/ceipelsitjar\/wp-content\/uploads\/usu1354\/2023\/06\/WhatsApp-Image-2023-05-22-at-17.42.30-1536x1024.jpeg 1536w, https:\/\/agora.xtec.cat\/ceipelsitjar\/wp-content\/uploads\/usu1354\/2023\/06\/WhatsApp-Image-2023-05-22-at-17.42.30.jpeg 2048w\" sizes=\"auto, (max-width: 1024px) 100vw, 1024px\" \/><\/a><\/p>\n<p>&nbsp;<\/p>\n","protected":false},"excerpt":{"rendered":"<p>Un grup d&#8217;alumnes de CM i CS van participar al Concurs de Colles Sardanistes, encara que fos fora de concurs, [&hellip;]<\/p>\n","protected":false},"author":78,"featured_media":0,"comment_status":"open","ping_status":"closed","sticky":false,"template":"","format":"standard","meta":{"_bbp_topic_count":0,"_bbp_reply_count":0,"_bbp_total_topic_count":0,"_bbp_total_reply_count":0,"_bbp_voice_count":0,"_bbp_anonymous_reply_count":0,"_bbp_topic_count_hidden":0,"_bbp_reply_count_hidden":0,"_bbp_forum_subforum_count":0,"site-sidebar-layout":"default","site-content-layout":"","ast-site-content-layout":"","site-content-style":"default","site-sidebar-style":"default","ast-global-header-display":"","ast-banner-title-visibility":"","ast-main-header-display":"","ast-hfb-above-header-display":"","ast-hfb-below-header-display":"","ast-hfb-mobile-header-display":"","site-post-title":"","ast-breadcrumbs-content":"","ast-featured-img":"","footer-sml-layout":"","theme-transparent-header-meta":"","adv-header-id-meta":"","stick-header-meta":"","header-above-stick-meta":"","header-main-stick-meta":"","header-below-stick-meta":"","astra-migrate-meta-layouts":"default","ast-page-background-enabled":"default","ast-page-background-meta":{"desktop":{"background-color":"var(--ast-global-color-4)","background-image":"","background-repeat":"repeat","background-position":"center center","background-size":"auto","background-attachment":"scroll","background-type":"","background-media":"","overlay-type":"","overlay-color":"","overlay-opacity":"","overlay-gradient":""},"tablet":{"background-color":"","background-image":"","background-repeat":"repeat","background-position":"center center","background-size":"auto","background-attachment":"scroll","background-type":"","background-media":"","overlay-type":"","overlay-color":"","overlay-opacity":"","overlay-gradient":""},"mobile":{"background-color":"","background-image":"","background-repeat":"repeat","background-position":"center center","background-size":"auto","background-attachment":"scroll","background-type":"","background-media":"","overlay-type":"","overlay-color":"","overlay-opacity":"","overlay-gradient":""}},"ast-content-background-meta":{"desktop":{"background-color":"var(--ast-global-color-5)","background-image":"","background-repeat":"repeat","background-position":"center center","background-size":"auto","background-attachment":"scroll","background-type":"","background-media":"","overlay-type":"","overlay-color":"","overlay-opacity":"","overlay-gradient":""},"tablet":{"background-color":"var(--ast-global-color-5)","background-image":"","background-repeat":"repeat","background-position":"center center","background-size":"auto","background-attachment":"scroll","background-type":"","background-media":"","overlay-type":"","overlay-color":"","overlay-opacity":"","overlay-gradient":""},"mobile":{"background-color":"var(--ast-global-color-5)","background-image":"","background-repeat":"repeat","background-position":"center center","background-size":"auto","background-attachment":"scroll","background-type":"","background-media":"","overlay-type":"","overlay-color":"","overlay-opacity":"","overlay-gradient":""}},"footnotes":""},"categories":[109,110,1,100,4],"tags":[],"class_list":["post-5625","post","type-post","status-publish","format-standard","hentry","category-ciclemitja","category-ciclesuperior","category-general","category-musica","category-portada"],"post_mailing_queue_ids":[],"_links":{"self":[{"href":"https:\/\/agora.xtec.cat\/ceipelsitjar\/wp-json\/wp\/v2\/posts\/5625","targetHints":{"allow":["GET"]}}],"collection":[{"href":"https:\/\/agora.xtec.cat\/ceipelsitjar\/wp-json\/wp\/v2\/posts"}],"about":[{"href":"https:\/\/agora.xtec.cat\/ceipelsitjar\/wp-json\/wp\/v2\/types\/post"}],"author":[{"embeddable":true,"href":"https:\/\/agora.xtec.cat\/ceipelsitjar\/wp-json\/wp\/v2\/users\/78"}],"replies":[{"embeddable":true,"href":"https:\/\/agora.xtec.cat\/ceipelsitjar\/wp-json\/wp\/v2\/comments?post=5625"}],"version-history":[{"count":1,"href":"https:\/\/agora.xtec.cat\/ceipelsitjar\/wp-json\/wp\/v2\/posts\/5625\/revisions"}],"predecessor-version":[{"id":5627,"href":"https:\/\/agora.xtec.cat\/ceipelsitjar\/wp-json\/wp\/v2\/posts\/5625\/revisions\/5627"}],"wp:attachment":[{"href":"https:\/\/agora.xtec.cat\/ceipelsitjar\/wp-json\/wp\/v2\/media?parent=5625"}],"wp:term":[{"taxonomy":"category","embeddable":true,"href":"https:\/\/agora.xtec.cat\/ceipelsitjar\/wp-json\/wp\/v2\/categories?post=5625"},{"taxonomy":"post_tag","embeddable":true,"href":"https:\/\/agora.xtec.cat\/ceipelsitjar\/wp-json\/wp\/v2\/tags?post=5625"}],"curies":[{"name":"wp","href":"https:\/\/api.w.org\/{rel}","templated":true}]}}