{"id":5355,"date":"2023-03-29T17:56:10","date_gmt":"2023-03-29T15:56:10","guid":{"rendered":"https:\/\/agora.xtec.cat\/ceipelsitjar\/?p=5355"},"modified":"2023-03-29T17:56:25","modified_gmt":"2023-03-29T15:56:25","slug":"visita-a-lempresa-plantarom-cm","status":"publish","type":"post","link":"https:\/\/agora.xtec.cat\/ceipelsitjar\/ciclemitja\/visita-a-lempresa-plantarom-cm\/","title":{"rendered":"Visita a l&#8217;empresa Plantarom &#8211; CM"},"content":{"rendered":"<p>Dins del marc de les jornades culturals d&#8217;enguany l&#8217;alumat de cicle mitj\u00e0 ha visitat l&#8217;empresa del poble anomenada <a href=\"https:\/\/plantarom.com\/\"><strong>Plantarom<\/strong><\/a>. \u00c9s una empresa especialitzada en productes d&#8217;herboristeria i esp\u00e8cies. El propietari, el pare de la Blanca Chavarria de 4t, ens ha rebut molt amablement i ens ha explicat tot el procediment que duen a terme dins l&#8217;empresa.<\/p>\n<p>Ha estat una visita molt enriquidora i tot l&#8217;alumnat n&#8217;ha gaudit de valent. A m\u00e9s a m\u00e9s, ens han fet un detall d&#8217;all\u00f2 m\u00e9s interessant!<\/p>\n<p>&nbsp;<\/p>\n<p>MOLTES GR\u00c0CIES FAM\u00cdLIA!<\/p>\n<p>&nbsp;<\/p>\n<p>Aqu\u00ed us deixem un recull de <a href=\"https:\/\/photos.app.goo.gl\/ZKoJ2dAkmh88g1R8A\">fotografies:\u00a0<\/a><\/p>\n<p><img decoding=\"async\" src=\"https:\/\/lh3.googleusercontent.com\/pw\/AMWts8Cu8Ent0c-saPEOKILn9nFkvAbPjkaKGG5p5nyVrf16KqsVu7AuDYKRQNCj15Neg5Rf1y2Jb2Dm0BPAomvGJxr9Z3qoAt98EuN4-VKKBKJTO6L2PL5xggkRwD9xieDWv8BPSIFDG300QwCHZ7lNXaop5Q=w1219-h914-s-no?authuser=0\" \/><\/p>\n<p>&nbsp;<\/p>\n<p><a href=\"https:\/\/photos.app.goo.gl\/ZKoJ2dAkmh88g1R8A\"><img decoding=\"async\" src=\"https:\/\/lh3.googleusercontent.com\/pw\/AMWts8CYgjEisVl-ONIcch4wIokMKt7igNmYNINyCbxi0D6cASL2VXP_ycDrwlyI06dlPU0CUyVTfwlSpFfCtVXDjdVQMpWlSuRHKEs7tKOacrv6G4hspF45yxA1kPt3VzcwBeW9d3ItGQTwYIqu-V6btmTYgg=w686-h914-s-no?authuser=0\" \/><\/a><\/p>\n","protected":false},"excerpt":{"rendered":"<p>Dins del marc de les jornades culturals d&#8217;enguany l&#8217;alumat de cicle mitj\u00e0 ha visitat l&#8217;empresa del poble anomenada Plantarom. \u00c9s [&hellip;]<\/p>\n","protected":false},"author":78,"featured_media":0,"comment_status":"open","ping_status":"closed","sticky":false,"template":"","format":"standard","meta":{"_bbp_topic_count":0,"_bbp_reply_count":0,"_bbp_total_topic_count":0,"_bbp_total_reply_count":0,"_bbp_voice_count":0,"_bbp_anonymous_reply_count":0,"_bbp_topic_count_hidden":0,"_bbp_reply_count_hidden":0,"_bbp_forum_subforum_count":0,"site-sidebar-layout":"default","site-content-layout":"","ast-site-content-layout":"","site-content-style":"default","site-sidebar-style":"default","ast-global-header-display":"","ast-banner-title-visibility":"","ast-main-header-display":"","ast-hfb-above-header-display":"","ast-hfb-below-header-display":"","ast-hfb-mobile-header-display":"","site-post-title":"","ast-breadcrumbs-content":"","ast-featured-img":"","footer-sml-layout":"","theme-transparent-header-meta":"","adv-header-id-meta":"","stick-header-meta":"","header-above-stick-meta":"","header-main-stick-meta":"","header-below-stick-meta":"","astra-migrate-meta-layouts":"default","ast-page-background-enabled":"default","ast-page-background-meta":{"desktop":{"background-color":"var(--ast-global-color-4)","background-image":"","background-repeat":"repeat","background-position":"center center","background-size":"auto","background-attachment":"scroll","background-type":"","background-media":"","overlay-type":"","overlay-color":"","overlay-opacity":"","overlay-gradient":""},"tablet":{"background-color":"","background-image":"","background-repeat":"repeat","background-position":"center center","background-size":"auto","background-attachment":"scroll","background-type":"","background-media":"","overlay-type":"","overlay-color":"","overlay-opacity":"","overlay-gradient":""},"mobile":{"background-color":"","background-image":"","background-repeat":"repeat","background-position":"center center","background-size":"auto","background-attachment":"scroll","background-type":"","background-media":"","overlay-type":"","overlay-color":"","overlay-opacity":"","overlay-gradient":""}},"ast-content-background-meta":{"desktop":{"background-color":"var(--ast-global-color-5)","background-image":"","background-repeat":"repeat","background-position":"center center","background-size":"auto","background-attachment":"scroll","background-type":"","background-media":"","overlay-type":"","overlay-color":"","overlay-opacity":"","overlay-gradient":""},"tablet":{"background-color":"var(--ast-global-color-5)","background-image":"","background-repeat":"repeat","background-position":"center center","background-size":"auto","background-attachment":"scroll","background-type":"","background-media":"","overlay-type":"","overlay-color":"","overlay-opacity":"","overlay-gradient":""},"mobile":{"background-color":"var(--ast-global-color-5)","background-image":"","background-repeat":"repeat","background-position":"center center","background-size":"auto","background-attachment":"scroll","background-type":"","background-media":"","overlay-type":"","overlay-color":"","overlay-opacity":"","overlay-gradient":""}},"footnotes":""},"categories":[109],"tags":[],"class_list":["post-5355","post","type-post","status-publish","format-standard","hentry","category-ciclemitja"],"post_mailing_queue_ids":[],"_links":{"self":[{"href":"https:\/\/agora.xtec.cat\/ceipelsitjar\/wp-json\/wp\/v2\/posts\/5355","targetHints":{"allow":["GET"]}}],"collection":[{"href":"https:\/\/agora.xtec.cat\/ceipelsitjar\/wp-json\/wp\/v2\/posts"}],"about":[{"href":"https:\/\/agora.xtec.cat\/ceipelsitjar\/wp-json\/wp\/v2\/types\/post"}],"author":[{"embeddable":true,"href":"https:\/\/agora.xtec.cat\/ceipelsitjar\/wp-json\/wp\/v2\/users\/78"}],"replies":[{"embeddable":true,"href":"https:\/\/agora.xtec.cat\/ceipelsitjar\/wp-json\/wp\/v2\/comments?post=5355"}],"version-history":[{"count":2,"href":"https:\/\/agora.xtec.cat\/ceipelsitjar\/wp-json\/wp\/v2\/posts\/5355\/revisions"}],"predecessor-version":[{"id":5357,"href":"https:\/\/agora.xtec.cat\/ceipelsitjar\/wp-json\/wp\/v2\/posts\/5355\/revisions\/5357"}],"wp:attachment":[{"href":"https:\/\/agora.xtec.cat\/ceipelsitjar\/wp-json\/wp\/v2\/media?parent=5355"}],"wp:term":[{"taxonomy":"category","embeddable":true,"href":"https:\/\/agora.xtec.cat\/ceipelsitjar\/wp-json\/wp\/v2\/categories?post=5355"},{"taxonomy":"post_tag","embeddable":true,"href":"https:\/\/agora.xtec.cat\/ceipelsitjar\/wp-json\/wp\/v2\/tags?post=5355"}],"curies":[{"name":"wp","href":"https:\/\/api.w.org\/{rel}","templated":true}]}}