{"id":5341,"date":"2023-03-28T17:27:24","date_gmt":"2023-03-28T15:27:24","guid":{"rendered":"https:\/\/agora.xtec.cat\/ceipelsitjar\/?p=5341"},"modified":"2023-03-28T17:27:24","modified_gmt":"2023-03-28T15:27:24","slug":"i4-tarda-familia-sara-i-isaac","status":"publish","type":"post","link":"https:\/\/agora.xtec.cat\/ceipelsitjar\/general\/i4-tarda-familia-sara-i-isaac\/","title":{"rendered":"I4 TARDA FAM\u00cdLIA SARA I ISAAC"},"content":{"rendered":"<p>A I4 seguim compartint tardes especials amb fam\u00edlia! Aquesta setmana ens ha acompanyat la mare de la Sara Visa, la Montse, i de l&#8217;Isaac, la Carme. Ens han explicat el conte &#8220;<em>Els tres porquets aviadors<\/em>&#8221; una versi\u00f3 molt divertida del cl\u00e0ssic conte de &#8220;Els tres porquets&#8221; que hem gaudit escoltant! Despr\u00e9s ens han preparat una manualitat relacionada amb la hist\u00f2ria aix\u00ed que hem decorat una pin\u00e7a i uns pals de polo i hem creat una avioneta! <a href=\"https:\/\/photos.app.goo.gl\/YSkgDazMEkLAbjE69\" target=\"_blank\" rel=\"noopener\">Aqu\u00ed<\/a> us deixem una mostra de la proposta!<\/p>\n<p><a href=\"https:\/\/agora.xtec.cat\/ceipelsitjar\/wp-content\/uploads\/usu1354\/2023\/03\/IMG_20230328_150918.jpg\"><img loading=\"lazy\" decoding=\"async\" class=\"aligncenter  wp-image-5342\" src=\"https:\/\/agora.xtec.cat\/ceipelsitjar\/wp-content\/uploads\/usu1354\/2023\/03\/IMG_20230328_150918-1024x768.jpg\" alt=\"\" width=\"625\" height=\"469\" srcset=\"https:\/\/agora.xtec.cat\/ceipelsitjar\/wp-content\/uploads\/usu1354\/2023\/03\/IMG_20230328_150918-1024x768.jpg 1024w, https:\/\/agora.xtec.cat\/ceipelsitjar\/wp-content\/uploads\/usu1354\/2023\/03\/IMG_20230328_150918-300x225.jpg 300w, https:\/\/agora.xtec.cat\/ceipelsitjar\/wp-content\/uploads\/usu1354\/2023\/03\/IMG_20230328_150918-768x576.jpg 768w, https:\/\/agora.xtec.cat\/ceipelsitjar\/wp-content\/uploads\/usu1354\/2023\/03\/IMG_20230328_150918-1536x1152.jpg 1536w, https:\/\/agora.xtec.cat\/ceipelsitjar\/wp-content\/uploads\/usu1354\/2023\/03\/IMG_20230328_150918-200x150.jpg 200w, https:\/\/agora.xtec.cat\/ceipelsitjar\/wp-content\/uploads\/usu1354\/2023\/03\/IMG_20230328_150918.jpg 2000w\" sizes=\"auto, (max-width: 625px) 100vw, 625px\" \/><\/a><\/p>\n<p>Moltes gr\u00e0cies Montse i Carme per compartir aquesta tarda amb nosaltres! Hem gaudit molt de l&#8217;experi\u00e8ncia!<\/p>\n","protected":false},"excerpt":{"rendered":"<p>A I4 seguim compartint tardes especials amb fam\u00edlia! Aquesta setmana ens ha acompanyat la mare de la Sara Visa, la [&hellip;]<\/p>\n","protected":false},"author":78,"featured_media":5342,"comment_status":"open","ping_status":"closed","sticky":false,"template":"","format":"standard","meta":{"_bbp_topic_count":0,"_bbp_reply_count":0,"_bbp_total_topic_count":0,"_bbp_total_reply_count":0,"_bbp_voice_count":0,"_bbp_anonymous_reply_count":0,"_bbp_topic_count_hidden":0,"_bbp_reply_count_hidden":0,"_bbp_forum_subforum_count":0,"site-sidebar-layout":"default","site-content-layout":"","ast-site-content-layout":"","site-content-style":"default","site-sidebar-style":"default","ast-global-header-display":"","ast-banner-title-visibility":"","ast-main-header-display":"","ast-hfb-above-header-display":"","ast-hfb-below-header-display":"","ast-hfb-mobile-header-display":"","site-post-title":"","ast-breadcrumbs-content":"","ast-featured-img":"","footer-sml-layout":"","theme-transparent-header-meta":"","adv-header-id-meta":"","stick-header-meta":"","header-above-stick-meta":"","header-main-stick-meta":"","header-below-stick-meta":"","astra-migrate-meta-layouts":"default","ast-page-background-enabled":"default","ast-page-background-meta":{"desktop":{"background-color":"var(--ast-global-color-4)","background-image":"","background-repeat":"repeat","background-position":"center center","background-size":"auto","background-attachment":"scroll","background-type":"","background-media":"","overlay-type":"","overlay-color":"","overlay-opacity":"","overlay-gradient":""},"tablet":{"background-color":"","background-image":"","background-repeat":"repeat","background-position":"center center","background-size":"auto","background-attachment":"scroll","background-type":"","background-media":"","overlay-type":"","overlay-color":"","overlay-opacity":"","overlay-gradient":""},"mobile":{"background-color":"","background-image":"","background-repeat":"repeat","background-position":"center center","background-size":"auto","background-attachment":"scroll","background-type":"","background-media":"","overlay-type":"","overlay-color":"","overlay-opacity":"","overlay-gradient":""}},"ast-content-background-meta":{"desktop":{"background-color":"var(--ast-global-color-5)","background-image":"","background-repeat":"repeat","background-position":"center center","background-size":"auto","background-attachment":"scroll","background-type":"","background-media":"","overlay-type":"","overlay-color":"","overlay-opacity":"","overlay-gradient":""},"tablet":{"background-color":"var(--ast-global-color-5)","background-image":"","background-repeat":"repeat","background-position":"center center","background-size":"auto","background-attachment":"scroll","background-type":"","background-media":"","overlay-type":"","overlay-color":"","overlay-opacity":"","overlay-gradient":""},"mobile":{"background-color":"var(--ast-global-color-5)","background-image":"","background-repeat":"repeat","background-position":"center center","background-size":"auto","background-attachment":"scroll","background-type":"","background-media":"","overlay-type":"","overlay-color":"","overlay-opacity":"","overlay-gradient":""}},"footnotes":""},"categories":[1,2],"tags":[],"class_list":["post-5341","post","type-post","status-publish","format-standard","has-post-thumbnail","hentry","category-general","category-infantil"],"post_mailing_queue_ids":[],"_links":{"self":[{"href":"https:\/\/agora.xtec.cat\/ceipelsitjar\/wp-json\/wp\/v2\/posts\/5341","targetHints":{"allow":["GET"]}}],"collection":[{"href":"https:\/\/agora.xtec.cat\/ceipelsitjar\/wp-json\/wp\/v2\/posts"}],"about":[{"href":"https:\/\/agora.xtec.cat\/ceipelsitjar\/wp-json\/wp\/v2\/types\/post"}],"author":[{"embeddable":true,"href":"https:\/\/agora.xtec.cat\/ceipelsitjar\/wp-json\/wp\/v2\/users\/78"}],"replies":[{"embeddable":true,"href":"https:\/\/agora.xtec.cat\/ceipelsitjar\/wp-json\/wp\/v2\/comments?post=5341"}],"version-history":[{"count":1,"href":"https:\/\/agora.xtec.cat\/ceipelsitjar\/wp-json\/wp\/v2\/posts\/5341\/revisions"}],"predecessor-version":[{"id":5343,"href":"https:\/\/agora.xtec.cat\/ceipelsitjar\/wp-json\/wp\/v2\/posts\/5341\/revisions\/5343"}],"wp:featuredmedia":[{"embeddable":true,"href":"https:\/\/agora.xtec.cat\/ceipelsitjar\/wp-json\/wp\/v2\/media\/5342"}],"wp:attachment":[{"href":"https:\/\/agora.xtec.cat\/ceipelsitjar\/wp-json\/wp\/v2\/media?parent=5341"}],"wp:term":[{"taxonomy":"category","embeddable":true,"href":"https:\/\/agora.xtec.cat\/ceipelsitjar\/wp-json\/wp\/v2\/categories?post=5341"},{"taxonomy":"post_tag","embeddable":true,"href":"https:\/\/agora.xtec.cat\/ceipelsitjar\/wp-json\/wp\/v2\/tags?post=5341"}],"curies":[{"name":"wp","href":"https:\/\/api.w.org\/{rel}","templated":true}]}}