{"id":5256,"date":"2023-03-21T18:40:16","date_gmt":"2023-03-21T17:40:16","guid":{"rendered":"https:\/\/agora.xtec.cat\/ceipelsitjar\/?p=5256"},"modified":"2023-03-29T18:22:17","modified_gmt":"2023-03-29T16:22:17","slug":"dia-mundial-de-la-poesia-23","status":"publish","type":"post","link":"https:\/\/agora.xtec.cat\/ceipelsitjar\/biblioteca\/dia-mundial-de-la-poesia-23\/","title":{"rendered":"DIA MUNDIAL DE LA POESIA 23"},"content":{"rendered":"<p>El dia 21 de mar\u00e7 hem tingut v\u00e0ries coses per celebrar:\u00a0 el Dia Mundial de la Poesia i del S\u00edndrome de Down, el Dia Internacional dels Boscos i a m\u00e9s a m\u00e9s, comen\u00e7a la primavera.<\/p>\n<p><a href=\"https:\/\/agora.xtec.cat\/ceipelsitjar\/wp-content\/uploads\/usu1354\/2023\/03\/Petita-flor-catala_page-00011.jpg\"><img loading=\"lazy\" decoding=\"async\" class=\"wp-image-5258 alignright\" src=\"https:\/\/agora.xtec.cat\/ceipelsitjar\/wp-content\/uploads\/usu1354\/2023\/03\/Petita-flor-catala_page-00011-724x1024.jpg\" alt=\"\" width=\"276\" height=\"390\" srcset=\"https:\/\/agora.xtec.cat\/ceipelsitjar\/wp-content\/uploads\/usu1354\/2023\/03\/Petita-flor-catala_page-00011-724x1024.jpg 724w, https:\/\/agora.xtec.cat\/ceipelsitjar\/wp-content\/uploads\/usu1354\/2023\/03\/Petita-flor-catala_page-00011-212x300.jpg 212w, https:\/\/agora.xtec.cat\/ceipelsitjar\/wp-content\/uploads\/usu1354\/2023\/03\/Petita-flor-catala_page-00011-768x1086.jpg 768w, https:\/\/agora.xtec.cat\/ceipelsitjar\/wp-content\/uploads\/usu1354\/2023\/03\/Petita-flor-catala_page-00011-1086x1536.jpg 1086w, https:\/\/agora.xtec.cat\/ceipelsitjar\/wp-content\/uploads\/usu1354\/2023\/03\/Petita-flor-catala_page-00011.jpg 1241w\" sizes=\"auto, (max-width: 276px) 100vw, 276px\" \/><\/a><\/p>\n<p>Primerament, per celebrar el Dia Mundial de la Poesia hem llegit un poema de Josep Vallverd\u00fa, titulat <i>Petita Flor<\/i>, que ha estat tradu\u00eft per membres de la nostra comunitat educativa a diferents idiomes. Vallverd\u00fa \u00e9s un escriptor que durant aquest any celebra el seu centenari i tenim la sort que \u00e9s una llegenda viva. Ha escrit m\u00e9s de 200 obres, entre elles, Rovell\u00f3, les aventures d\u2019un gosset molt simp\u00e0tic. Actualment viu a Balaguer i li farem entrega de les poesies que avui hem llegit.<\/p>\n<p>Tot seguit els alumnes de 6\u00e8 han llegit el Manifest del S\u00edndrome de Down que molt amablement ens han compartit des de Down Lleida https:\/\/downlleida.org\/<\/p>\n<p>Tamb\u00e9 hem recordat\u00a0 el Dia Internacional dels Boscos amb l\u2019objectiu de conscienciar a la poblaci\u00f3 sobre la import\u00e0ncia d\u2019aquests, de la p\u00e8rdua de la massa forestal del nostre planeta i de la necessitat de preservar els boscos com a pulmons per a la humanitat. Cuidem-los!<\/p>\n<p>Finalment hem posat la can\u00e7\u00f3 <i>Equinoxe <\/i>de Jean Michel Jarre per recordar que estem a l\u2019equinocci de la primavera, un temps en qu\u00e8 el dia i la nit tenen la mateixa durada.<\/p>\n<p>Per a veure m\u00e9s fotografies cliqueu al seg\u00fcent enlla\u00e7:<\/p>\n<p><a href=\"https:\/\/photos.app.goo.gl\/aL2atD4fqXCHWXu47\">https:\/\/photos.app.goo.gl\/aL2atD4fqXCHWXu47<\/a><\/p>\n","protected":false},"excerpt":{"rendered":"<p>El dia 21 de mar\u00e7 hem tingut v\u00e0ries coses per celebrar:\u00a0 el Dia Mundial de la Poesia i del S\u00edndrome [&hellip;]<\/p>\n","protected":false},"author":78,"featured_media":0,"comment_status":"open","ping_status":"closed","sticky":false,"template":"","format":"standard","meta":{"_bbp_topic_count":0,"_bbp_reply_count":0,"_bbp_total_topic_count":0,"_bbp_total_reply_count":0,"_bbp_voice_count":0,"_bbp_anonymous_reply_count":0,"_bbp_topic_count_hidden":0,"_bbp_reply_count_hidden":0,"_bbp_forum_subforum_count":0,"site-sidebar-layout":"default","site-content-layout":"","ast-site-content-layout":"","site-content-style":"default","site-sidebar-style":"default","ast-global-header-display":"","ast-banner-title-visibility":"","ast-main-header-display":"","ast-hfb-above-header-display":"","ast-hfb-below-header-display":"","ast-hfb-mobile-header-display":"","site-post-title":"","ast-breadcrumbs-content":"","ast-featured-img":"","footer-sml-layout":"","theme-transparent-header-meta":"","adv-header-id-meta":"","stick-header-meta":"","header-above-stick-meta":"","header-main-stick-meta":"","header-below-stick-meta":"","astra-migrate-meta-layouts":"default","ast-page-background-enabled":"default","ast-page-background-meta":{"desktop":{"background-color":"var(--ast-global-color-4)","background-image":"","background-repeat":"repeat","background-position":"center center","background-size":"auto","background-attachment":"scroll","background-type":"","background-media":"","overlay-type":"","overlay-color":"","overlay-opacity":"","overlay-gradient":""},"tablet":{"background-color":"","background-image":"","background-repeat":"repeat","background-position":"center center","background-size":"auto","background-attachment":"scroll","background-type":"","background-media":"","overlay-type":"","overlay-color":"","overlay-opacity":"","overlay-gradient":""},"mobile":{"background-color":"","background-image":"","background-repeat":"repeat","background-position":"center center","background-size":"auto","background-attachment":"scroll","background-type":"","background-media":"","overlay-type":"","overlay-color":"","overlay-opacity":"","overlay-gradient":""}},"ast-content-background-meta":{"desktop":{"background-color":"var(--ast-global-color-5)","background-image":"","background-repeat":"repeat","background-position":"center center","background-size":"auto","background-attachment":"scroll","background-type":"","background-media":"","overlay-type":"","overlay-color":"","overlay-opacity":"","overlay-gradient":""},"tablet":{"background-color":"var(--ast-global-color-5)","background-image":"","background-repeat":"repeat","background-position":"center center","background-size":"auto","background-attachment":"scroll","background-type":"","background-media":"","overlay-type":"","overlay-color":"","overlay-opacity":"","overlay-gradient":""},"mobile":{"background-color":"var(--ast-global-color-5)","background-image":"","background-repeat":"repeat","background-position":"center center","background-size":"auto","background-attachment":"scroll","background-type":"","background-media":"","overlay-type":"","overlay-color":"","overlay-opacity":"","overlay-gradient":""}},"footnotes":""},"categories":[67],"tags":[],"class_list":["post-5256","post","type-post","status-publish","format-standard","hentry","category-biblioteca"],"post_mailing_queue_ids":[],"_links":{"self":[{"href":"https:\/\/agora.xtec.cat\/ceipelsitjar\/wp-json\/wp\/v2\/posts\/5256","targetHints":{"allow":["GET"]}}],"collection":[{"href":"https:\/\/agora.xtec.cat\/ceipelsitjar\/wp-json\/wp\/v2\/posts"}],"about":[{"href":"https:\/\/agora.xtec.cat\/ceipelsitjar\/wp-json\/wp\/v2\/types\/post"}],"author":[{"embeddable":true,"href":"https:\/\/agora.xtec.cat\/ceipelsitjar\/wp-json\/wp\/v2\/users\/78"}],"replies":[{"embeddable":true,"href":"https:\/\/agora.xtec.cat\/ceipelsitjar\/wp-json\/wp\/v2\/comments?post=5256"}],"version-history":[{"count":3,"href":"https:\/\/agora.xtec.cat\/ceipelsitjar\/wp-json\/wp\/v2\/posts\/5256\/revisions"}],"predecessor-version":[{"id":5261,"href":"https:\/\/agora.xtec.cat\/ceipelsitjar\/wp-json\/wp\/v2\/posts\/5256\/revisions\/5261"}],"wp:attachment":[{"href":"https:\/\/agora.xtec.cat\/ceipelsitjar\/wp-json\/wp\/v2\/media?parent=5256"}],"wp:term":[{"taxonomy":"category","embeddable":true,"href":"https:\/\/agora.xtec.cat\/ceipelsitjar\/wp-json\/wp\/v2\/categories?post=5256"},{"taxonomy":"post_tag","embeddable":true,"href":"https:\/\/agora.xtec.cat\/ceipelsitjar\/wp-json\/wp\/v2\/tags?post=5256"}],"curies":[{"name":"wp","href":"https:\/\/api.w.org\/{rel}","templated":true}]}}