{"id":10346,"date":"2026-04-27T13:40:52","date_gmt":"2026-04-27T11:40:52","guid":{"rendered":"https:\/\/agora.xtec.cat\/ceipelsitjar\/?p=10346"},"modified":"2026-04-27T13:41:49","modified_gmt":"2026-04-27T11:41:49","slug":"jornades-culturals-ci-2","status":"publish","type":"post","link":"https:\/\/agora.xtec.cat\/ceipelsitjar\/cicleinicial\/jornades-culturals-ci-2\/","title":{"rendered":"JORNADES CULTURALS CI"},"content":{"rendered":"<p>Del 21 al 24 d&#8217;abril l&#8217;alumnat de Cicle Inicial vam celebrar les Jornades Culturals, juntament amb la resta de l&#8217;escola. Aquestes s\u00f3n les activitats que vam dur a terme al nostre cicle.<\/p>\n<p>El dimarts 21 vam comen\u00e7ar les jornades amb una explicaci\u00f3 sobre els gegants de Linyola per part de la Montse Gin\u00e9, mestra de m\u00fasica de l&#8217;escola. Despr\u00e9s del pati vam jugar plegats a jocs tradicionals com les bitlles, el mocador, les bales, la xarranca i la bomba. A la tarda vam veure una representaci\u00f3 molt original de la llegenda de Sant Jordi que ens van oferir les fam\u00edlies del nostre cicle. I finalment, vam sortir al pati per rebre tots plegats el Correllengua Agermanat.<\/p>\n<p>El dimecres 22 vam gaudir d&#8217;una animaci\u00f3 lectora on ens van explicar contes tradicionals. Tamb\u00e9 vam elaborar una manualitat de Sant Jordi i vam treballar al voltant de tradicions com els castellers.<\/p>\n<p>El dijous 23 d&#8217;abril, coincidint amb la Diada de Sant Jordi, vam anar a la biblioteca Salvador Espriu per escoltar algunes recomanacions lectores que ens havia preparat la Montse, la bibliotec\u00e0ria. Seguidament, vam visitar les parades de llibres del nostre poble; i fins i tot vam triar i comprar un llibre per cada una de les nostres classes. A m\u00e9s, a la tarda l&#8217;AFA de l&#8217;escola ens va regalar un lot de llibres per cada cicle de l&#8217;escola. Gr\u00e0cies AFA!<\/p>\n<p>Finalment, el divendres 24 vam rebre i veure una petita demostraci\u00f3 de l&#8217;Unitat Canina al pati de l&#8217;escola. A la tarda, acompanyats de les fam\u00edlies, vam representar i veure una mostra de diferents danses catalanes. Despr\u00e9s del Cercavila i per acabar de la forma m\u00e9s dol\u00e7a la Setmana Cultural, l&#8217;AFA ens va oferir un bon pa amb xocolata per berenar.<\/p>\n<p><a href=\"https:\/\/agora.xtec.cat\/ceipelsitjar\/?p=10334&amp;preview=true\">Cliqueu per veure les imatges de les activitats.<\/a><\/p>\n","protected":false},"excerpt":{"rendered":"<p>Del 21 al 24 d&#8217;abril l&#8217;alumnat de Cicle Inicial vam celebrar les Jornades Culturals, juntament amb la resta de l&#8217;escola. [&hellip;]<\/p>\n","protected":false},"author":78,"featured_media":10393,"comment_status":"open","ping_status":"open","sticky":false,"template":"","format":"standard","meta":{"_bbp_topic_count":0,"_bbp_reply_count":0,"_bbp_total_topic_count":0,"_bbp_total_reply_count":0,"_bbp_voice_count":0,"_bbp_anonymous_reply_count":0,"_bbp_topic_count_hidden":0,"_bbp_reply_count_hidden":0,"_bbp_forum_subforum_count":0,"site-sidebar-layout":"default","site-content-layout":"","ast-site-content-layout":"default","site-content-style":"default","site-sidebar-style":"default","ast-global-header-display":"","ast-banner-title-visibility":"","ast-main-header-display":"","ast-hfb-above-header-display":"","ast-hfb-below-header-display":"","ast-hfb-mobile-header-display":"","site-post-title":"","ast-breadcrumbs-content":"","ast-featured-img":"","footer-sml-layout":"","theme-transparent-header-meta":"default","adv-header-id-meta":"","stick-header-meta":"","header-above-stick-meta":"","header-main-stick-meta":"","header-below-stick-meta":"","astra-migrate-meta-layouts":"set","ast-page-background-enabled":"default","ast-page-background-meta":{"desktop":{"background-color":"var(--ast-global-color-4)","background-image":"","background-repeat":"repeat","background-position":"center center","background-size":"auto","background-attachment":"scroll","background-type":"","background-media":"","overlay-type":"","overlay-color":"","overlay-opacity":"","overlay-gradient":""},"tablet":{"background-color":"","background-image":"","background-repeat":"repeat","background-position":"center center","background-size":"auto","background-attachment":"scroll","background-type":"","background-media":"","overlay-type":"","overlay-color":"","overlay-opacity":"","overlay-gradient":""},"mobile":{"background-color":"","background-image":"","background-repeat":"repeat","background-position":"center center","background-size":"auto","background-attachment":"scroll","background-type":"","background-media":"","overlay-type":"","overlay-color":"","overlay-opacity":"","overlay-gradient":""}},"ast-content-background-meta":{"desktop":{"background-color":"var(--ast-global-color-5)","background-image":"","background-repeat":"repeat","background-position":"center center","background-size":"auto","background-attachment":"scroll","background-type":"","background-media":"","overlay-type":"","overlay-color":"","overlay-opacity":"","overlay-gradient":""},"tablet":{"background-color":"var(--ast-global-color-5)","background-image":"","background-repeat":"repeat","background-position":"center center","background-size":"auto","background-attachment":"scroll","background-type":"","background-media":"","overlay-type":"","overlay-color":"","overlay-opacity":"","overlay-gradient":""},"mobile":{"background-color":"var(--ast-global-color-5)","background-image":"","background-repeat":"repeat","background-position":"center center","background-size":"auto","background-attachment":"scroll","background-type":"","background-media":"","overlay-type":"","overlay-color":"","overlay-opacity":"","overlay-gradient":""}},"footnotes":""},"categories":[81,5],"tags":[],"class_list":["post-10346","post","type-post","status-publish","format-standard","has-post-thumbnail","hentry","category-actes-culturals","category-cicleinicial"],"post_mailing_queue_ids":[],"_links":{"self":[{"href":"https:\/\/agora.xtec.cat\/ceipelsitjar\/wp-json\/wp\/v2\/posts\/10346","targetHints":{"allow":["GET"]}}],"collection":[{"href":"https:\/\/agora.xtec.cat\/ceipelsitjar\/wp-json\/wp\/v2\/posts"}],"about":[{"href":"https:\/\/agora.xtec.cat\/ceipelsitjar\/wp-json\/wp\/v2\/types\/post"}],"author":[{"embeddable":true,"href":"https:\/\/agora.xtec.cat\/ceipelsitjar\/wp-json\/wp\/v2\/users\/78"}],"replies":[{"embeddable":true,"href":"https:\/\/agora.xtec.cat\/ceipelsitjar\/wp-json\/wp\/v2\/comments?post=10346"}],"version-history":[{"count":3,"href":"https:\/\/agora.xtec.cat\/ceipelsitjar\/wp-json\/wp\/v2\/posts\/10346\/revisions"}],"predecessor-version":[{"id":10375,"href":"https:\/\/agora.xtec.cat\/ceipelsitjar\/wp-json\/wp\/v2\/posts\/10346\/revisions\/10375"}],"wp:featuredmedia":[{"embeddable":true,"href":"https:\/\/agora.xtec.cat\/ceipelsitjar\/wp-json\/wp\/v2\/media\/10393"}],"wp:attachment":[{"href":"https:\/\/agora.xtec.cat\/ceipelsitjar\/wp-json\/wp\/v2\/media?parent=10346"}],"wp:term":[{"taxonomy":"category","embeddable":true,"href":"https:\/\/agora.xtec.cat\/ceipelsitjar\/wp-json\/wp\/v2\/categories?post=10346"},{"taxonomy":"post_tag","embeddable":true,"href":"https:\/\/agora.xtec.cat\/ceipelsitjar\/wp-json\/wp\/v2\/tags?post=10346"}],"curies":[{"name":"wp","href":"https:\/\/api.w.org\/{rel}","templated":true}]}}