{"id":924,"date":"2016-11-29T14:12:31","date_gmt":"2016-11-29T13:12:31","guid":{"rendered":"http:\/\/agora.xtec.cat\/ceipelsametllers\/?p=924"},"modified":"2016-12-02T11:14:03","modified_gmt":"2016-12-02T10:14:03","slug":"hem-trobat-un-gripau-al-pati","status":"publish","type":"post","link":"https:\/\/agora.xtec.cat\/ceipelsametllers\/general\/hem-trobat-un-gripau-al-pati\/","title":{"rendered":"Hem trobat un gripau al pati!"},"content":{"rendered":"<p><a href=\"http:\/\/agora.xtec.cat\/ceipelsametllers\/wp-content\/uploads\/usu1019\/2016\/11\/IMG_20161128_112256.jpg\"><img loading=\"lazy\" decoding=\"async\" class=\" wp-image-926 alignleft\" src=\"http:\/\/agora.xtec.cat\/ceipelsametllers\/wp-content\/uploads\/usu1019\/2016\/11\/IMG_20161128_112256-768x1024.jpg\" alt=\"img_20161128_112256\" width=\"180\" height=\"240\" srcset=\"https:\/\/agora.xtec.cat\/ceipelsametllers\/wp-content\/uploads\/usu1019\/2016\/11\/IMG_20161128_112256-768x1024.jpg 768w, https:\/\/agora.xtec.cat\/ceipelsametllers\/wp-content\/uploads\/usu1019\/2016\/11\/IMG_20161128_112256-225x300.jpg 225w, https:\/\/agora.xtec.cat\/ceipelsametllers\/wp-content\/uploads\/usu1019\/2016\/11\/IMG_20161128_112256.jpg 1944w\" sizes=\"auto, (max-width: 180px) 100vw, 180px\" \/><\/a>Ahir quan vam sortir al pati ens hi vam trobar un gripau amagat a un forat que hi havia a la sorra. Amb l&#8217;ajuda d&#8217;una pala i un cub el vam agafar amb molta cura per portar-lo a un lloc m\u00e9s segur. El vam deixar lliure al camp que hi ha al costat de l&#8217;escola.<\/p>\n<p>Podeu veure m\u00e9s imatges de l&#8217;an\u00e8cdota <a href=\"https:\/\/goo.gl\/photos\/ox1HN66PePNsdjtUA\"><strong>aqu\u00ed<\/strong><\/a>.<\/p>\n<p>Si voleu m\u00e9s informaci\u00f3 sobre les granotes i els gripaus la podeu trobar a la seg\u00fcent presentaci\u00f3.<\/p>\n<p><iframe loading=\"lazy\" style=\"border: 1px solid #CCC; border-width: 1px; margin-bottom: 5px; max-width: 100%;\" src=\"\/\/www.slideshare.net\/slideshow\/embed_code\/key\/yO1EfKkiMV1Yyy\" width=\"595\" height=\"485\" frameborder=\"0\" marginwidth=\"0\" marginheight=\"0\" scrolling=\"no\" allowfullscreen=\"allowfullscreen\"> <\/iframe><\/p>\n<div style=\"margin-bottom: 5px;\"><strong> <a title=\"Les granotes i_els_gripaus\" href=\"\/\/www.slideshare.net\/LauraTorrejimeno\/les-granotes-ielsgripaus\" target=\"_blank\">Les granotes i_els_gripaus<\/a> <\/strong> from <strong><a href=\"\/\/www.slideshare.net\/LauraTorrejimeno\" target=\"_blank\">Laura Torrejimeno<\/a><\/strong><\/div>\n","protected":false},"excerpt":{"rendered":"<p><a href=\"http:\/\/agora.xtec.cat\/ceipelsametllers\/wp-content\/uploads\/usu1019\/2016\/11\/IMG_20161128_112256.jpg\"><\/a>Ahir quan vam sortir al pati ens hi vam trobar un gripau amagat a un forat que hi havia a la sorra. Amb l&#8217;ajuda d&#8217;una pala i un cub el vam agafar amb molta cura per portar-lo a un lloc m\u00e9s segur. El vam&hellip;  <a href=\"https:\/\/agora.xtec.cat\/ceipelsametllers\/general\/hem-trobat-un-gripau-al-pati\/\" title=\"Read Hem trobat un gripau al pati!\">Llegeix m\u00e9s\u00bb<\/a><\/p>\n","protected":false},"author":3,"featured_media":925,"comment_status":"open","ping_status":"open","sticky":false,"template":"","format":"standard","meta":{"_bbp_topic_count":0,"_bbp_reply_count":0,"_bbp_total_topic_count":0,"_bbp_total_reply_count":0,"_bbp_voice_count":0,"_bbp_anonymous_reply_count":0,"_bbp_topic_count_hidden":0,"_bbp_reply_count_hidden":0,"_bbp_forum_subforum_count":0,"footnotes":""},"categories":[37,1,4,5],"tags":[],"class_list":["post-924","post","type-post","status-publish","format-standard","has-post-thumbnail","hentry","category-escola","category-general","category-portada","category-primaria"],"post_mailing_queue_ids":[],"_links":{"self":[{"href":"https:\/\/agora.xtec.cat\/ceipelsametllers\/wp-json\/wp\/v2\/posts\/924","targetHints":{"allow":["GET"]}}],"collection":[{"href":"https:\/\/agora.xtec.cat\/ceipelsametllers\/wp-json\/wp\/v2\/posts"}],"about":[{"href":"https:\/\/agora.xtec.cat\/ceipelsametllers\/wp-json\/wp\/v2\/types\/post"}],"author":[{"embeddable":true,"href":"https:\/\/agora.xtec.cat\/ceipelsametllers\/wp-json\/wp\/v2\/users\/3"}],"replies":[{"embeddable":true,"href":"https:\/\/agora.xtec.cat\/ceipelsametllers\/wp-json\/wp\/v2\/comments?post=924"}],"version-history":[{"count":3,"href":"https:\/\/agora.xtec.cat\/ceipelsametllers\/wp-json\/wp\/v2\/posts\/924\/revisions"}],"predecessor-version":[{"id":931,"href":"https:\/\/agora.xtec.cat\/ceipelsametllers\/wp-json\/wp\/v2\/posts\/924\/revisions\/931"}],"wp:featuredmedia":[{"embeddable":true,"href":"https:\/\/agora.xtec.cat\/ceipelsametllers\/wp-json\/wp\/v2\/media\/925"}],"wp:attachment":[{"href":"https:\/\/agora.xtec.cat\/ceipelsametllers\/wp-json\/wp\/v2\/media?parent=924"}],"wp:term":[{"taxonomy":"category","embeddable":true,"href":"https:\/\/agora.xtec.cat\/ceipelsametllers\/wp-json\/wp\/v2\/categories?post=924"},{"taxonomy":"post_tag","embeddable":true,"href":"https:\/\/agora.xtec.cat\/ceipelsametllers\/wp-json\/wp\/v2\/tags?post=924"}],"curies":[{"name":"wp","href":"https:\/\/api.w.org\/{rel}","templated":true}]}}