{"id":635,"date":"2011-10-18T12:36:00","date_gmt":"2011-10-18T11:36:00","guid":{"rendered":"http:\/\/agora.xtec.cat\/ceipelsametllers\/general\/temps-de-carabasses\/"},"modified":"2011-10-18T12:36:00","modified_gmt":"2011-10-18T11:36:00","slug":"temps-de-carabasses","status":"publish","type":"post","link":"https:\/\/agora.xtec.cat\/ceipelsametllers\/general\/temps-de-carabasses\/","title":{"rendered":"TEMPS DE CARABASSES"},"content":{"rendered":"<p>Fem una recepta de past\u00eds de carabassa que la mare de l&#8217;Steven ens ha vingut a ensenyar. Es tracta d&#8217;un past\u00eds originari de Col\u00f2mbia. Us convidem a que feu la recepta amb els vostres fills i passeu una bona estona.<\/p>\n<div style=\"border-bottom: medium none; border-left: medium none; border-right: medium none; border-top: medium none;\"><a href=\"http:\/\/goo.gl\/photos\/N7AV3uqfK1\" style=\"clear: left; cssfloat: left; float: left; margin-bottom: 1em; margin-right: 1em;\"><img decoding=\"async\" border=\"0\" src=\"https:\/\/lh5.googleusercontent.com\/-Vh-__WJfqhE\/Tp1kbHYcXcE\/AAAAAAAAAEQ\/Zx1L_muigcg\/s160-c\/PastisDeCarabassa.jpg\" \/><\/a><\/div>\n<div style=\"border-bottom: medium none; border-left: medium none; border-right: medium none; border-top: medium none;\"><\/div>\n<div style=\"border-bottom: medium none; border-left: medium none; border-right: medium none; border-top: medium none;\"><\/div>\n<div style=\"border-bottom: medium none; border-left: medium none; border-right: medium none; border-top: medium none;\">Properament penjarem la recepta amb tots els ingredients per a que la pogueu fer a casa!!!<br \/><a href=\"https:\/\/picasaweb.google.com\/101069051287243885876\/15DeNoviembreDe2011#\" target=\"_blank\">Si vols fer el past\u00eds clica aqu\u00ed<\/a><\/div>\n<div style=\"border-bottom: medium none; border-left: medium none; border-right: medium none; border-top: medium none;\"><\/div>\n<div style=\"border-bottom: medium none; border-left: medium none; border-right: medium none; border-top: medium none;\"><\/div>\n","protected":false},"excerpt":{"rendered":"<p>Fem una recepta de past\u00eds de carabassa que la mare de l&#8217;Steven ens ha vingut a ensenyar. Es tracta d&#8217;un past\u00eds originari de Col\u00f2mbia. Us convidem a que feu la recepta amb els vostres fills i passeu una bona estona.<br \/>\n<a href=\"http:\/\/goo.gl\/photos\/N7AV3uqfK1\" style=\"clear: left; cssfloat: left;&hellip;  <a href=\"https:\/\/agora.xtec.cat\/ceipelsametllers\/general\/temps-de-carabasses\/\" title=\"Read TEMPS DE CARABASSES\">Llegeix m\u00e9s\u00bb<\/a><\/p>\n","protected":false},"author":1,"featured_media":0,"comment_status":"open","ping_status":"open","sticky":false,"template":"","format":"standard","meta":{"_bbp_topic_count":0,"_bbp_reply_count":0,"_bbp_total_topic_count":0,"_bbp_total_reply_count":0,"_bbp_voice_count":0,"_bbp_anonymous_reply_count":0,"_bbp_topic_count_hidden":0,"_bbp_reply_count_hidden":0,"_bbp_forum_subforum_count":0,"footnotes":""},"categories":[1],"tags":[],"class_list":["post-635","post","type-post","status-publish","format-standard","hentry","category-general"],"post_mailing_queue_ids":[],"_links":{"self":[{"href":"https:\/\/agora.xtec.cat\/ceipelsametllers\/wp-json\/wp\/v2\/posts\/635","targetHints":{"allow":["GET"]}}],"collection":[{"href":"https:\/\/agora.xtec.cat\/ceipelsametllers\/wp-json\/wp\/v2\/posts"}],"about":[{"href":"https:\/\/agora.xtec.cat\/ceipelsametllers\/wp-json\/wp\/v2\/types\/post"}],"author":[{"embeddable":true,"href":"https:\/\/agora.xtec.cat\/ceipelsametllers\/wp-json\/wp\/v2\/users\/1"}],"replies":[{"embeddable":true,"href":"https:\/\/agora.xtec.cat\/ceipelsametllers\/wp-json\/wp\/v2\/comments?post=635"}],"version-history":[{"count":0,"href":"https:\/\/agora.xtec.cat\/ceipelsametllers\/wp-json\/wp\/v2\/posts\/635\/revisions"}],"wp:attachment":[{"href":"https:\/\/agora.xtec.cat\/ceipelsametllers\/wp-json\/wp\/v2\/media?parent=635"}],"wp:term":[{"taxonomy":"category","embeddable":true,"href":"https:\/\/agora.xtec.cat\/ceipelsametllers\/wp-json\/wp\/v2\/categories?post=635"},{"taxonomy":"post_tag","embeddable":true,"href":"https:\/\/agora.xtec.cat\/ceipelsametllers\/wp-json\/wp\/v2\/tags?post=635"}],"curies":[{"name":"wp","href":"https:\/\/api.w.org\/{rel}","templated":true}]}}