{"id":632,"date":"2011-11-15T13:34:00","date_gmt":"2011-11-15T12:34:00","guid":{"rendered":"http:\/\/agora.xtec.cat\/ceipelsametllers\/general\/exposicio-moniatos\/"},"modified":"2011-11-15T13:34:00","modified_gmt":"2011-11-15T12:34:00","slug":"exposicio-moniatos","status":"publish","type":"post","link":"https:\/\/agora.xtec.cat\/ceipelsametllers\/primaria\/3r\/exposicio-moniatos\/","title":{"rendered":"EXPOSICI\u00d3 MONIATOS"},"content":{"rendered":"<div style=\"border-bottom: medium none; border-left: medium none; border-right: medium none; border-top: medium none;\"><\/div>\n<div style=\"margin: 0cm 0cm 0pt;\"><span lang=\"CA\"><strong><span style=\"color: red;\">L<\/span>\u2019<span style=\"color: lime;\">E<\/span><span style=\"color: magenta;\">X<\/span><span style=\"color: #4c1130;\">P<\/span><span style=\"color: cyan;\">O<\/span>S<span style=\"color: #f1c232;\">I<\/span><span style=\"color: magenta;\">CI<\/span><span style=\"color: #99ff99;\">\u00d3<\/span> <span style=\"color: #ccccff;\">D<\/span><span style=\"color: #cc9900;\">E<\/span> <span style=\"color: #660066;\">M<\/span><span style=\"color: #666699;\">O<\/span><span style=\"color: #66ff66;\">N<\/span><span style=\"color: #6699ff;\">I<\/span><span style=\"color: #339966;\">A<\/span><span style=\"color: #ff9966;\">T<\/span><span style=\"color: #d60093;\">O<\/span><span style=\"color: purple;\">S<\/span> A <span style=\"color: purple;\">P<\/span><span style=\"color: #cc99ff;\">R<\/span><span style=\"color: #ff99cc;\">I<\/span><span style=\"color: #ff6600;\">M<\/span><span style=\"color: #ffcc00;\">\u00c0<\/span><span style=\"color: magenta;\">R<\/span><span style=\"color: #3366ff;\">I<\/span><span style=\"color: red;\">A<\/span><span style=\"color: black;\"><\/span><\/strong><\/span><\/div>\n<div style=\"border-bottom: medium none; border-left: medium none; border-right: medium none; border-top: medium none; margin: 0cm 0cm 0pt;\"><span lang=\"CA\">El&nbsp; dia&nbsp; 31 d\u2019octubre, els&nbsp; nens i nenes&nbsp; de l\u2019escola vam celebrar&nbsp; la&nbsp; Castanyada.<\/span><\/div>\n<div style=\"border-bottom: medium none; border-left: medium none; border-right: medium none; border-top: medium none; margin: 0cm 0cm 0pt;\"><span lang=\"CA\">Tota Prim\u00e0ria vam decorar moniatos de moltes maneres divertides durant el mat\u00ed. A la tarda els vam exposar al gimn\u00e0s per a les fam\u00edlies de l\u2019 escola.<\/span><\/div>\n<div style=\"border-bottom: medium none; border-left: medium none; border-right: medium none; border-top: medium none; margin: 0cm 0cm 0pt;\"><span lang=\"CA\">Per a les persones que no van poder venir us deixem un record dels moniatos que vam decorar els nens i les nenes de la classe de 3r.<\/span><\/div>\n<div style=\"border-bottom: medium none; border-left: medium none; border-right: medium none; border-top: medium none; margin: 0cm 0cm 0pt;\"><span lang=\"CA\">Desitgem que us agradin!!<\/span><\/div>\n<div style=\"border-bottom: medium none; border-left: medium none; border-right: medium none; border-top: medium none; margin: 0cm 0cm 0pt;\"><\/div>\n<div style=\"border-bottom: medium none; border-left: medium none; border-right: medium none; border-top: medium none; clear: both; text-align: center;\"><a href=\"https:\/\/picasaweb.google.com\/101069051287243885876\/15DeNoviembreDe201102?authuser=0&amp;feat=blogger\" style=\"clear: left; cssfloat: left; float: left; margin-bottom: 1em; margin-right: 1em;\"><img decoding=\"async\" border=\"0\" src=\"https:\/\/lh3.googleusercontent.com\/-MTD7lkkH1SQ\/TsJbAk2XutE\/AAAAAAAAAOg\/VkTSnIM0oeI\/s160-c\/15DeNoviembreDe201102.jpg\" \/><\/a><\/div>\n<div style=\"margin: 0cm 0cm 0pt;\"><\/div>\n<div style=\"margin: 0cm 0cm 0pt;\"><\/div>\n<div style=\"margin: 0cm 0cm 0pt;\"><\/div>\n<div style=\"margin: 0cm 0cm 0pt;\"><\/div>\n<div style=\"margin: 0cm 0cm 0pt;\"><span lang=\"CA\">David, Marina i Selene. <\/span><br \/><span lang=\"CA\">Divendres 4 de novembre de 2.011<span style=\"color: #666699;\"><\/span><\/span><\/div>\n","protected":false},"excerpt":{"rendered":"<p>L\u2019EXPOSICI\u00d3 DE MONIATOS A PRIM\u00c0RIA<br \/>\nEl&nbsp; dia&nbsp; 31 d\u2019octubre, els&nbsp; nens i nenes&nbsp; de l\u2019escola vam celebrar&nbsp; la&nbsp; Castanyada.<br \/>\nTota Prim\u00e0ria vam decorar moniatos de moltes maneres divertides durant el mat\u00ed. A la tarda els vam exposar al gimn\u00e0s per a les fam\u00edlies de l\u2019 escola.<br \/>\nPer a&hellip;  <a href=\"https:\/\/agora.xtec.cat\/ceipelsametllers\/primaria\/3r\/exposicio-moniatos\/\" title=\"Read EXPOSICI\u00d3 MONIATOS\">Llegeix m\u00e9s\u00bb<\/a><\/p>\n","protected":false},"author":1,"featured_media":0,"comment_status":"open","ping_status":"open","sticky":false,"template":"","format":"standard","meta":{"_bbp_topic_count":0,"_bbp_reply_count":0,"_bbp_total_topic_count":0,"_bbp_total_reply_count":0,"_bbp_voice_count":0,"_bbp_anonymous_reply_count":0,"_bbp_topic_count_hidden":0,"_bbp_reply_count_hidden":0,"_bbp_forum_subforum_count":0,"footnotes":""},"categories":[12],"tags":[],"class_list":["post-632","post","type-post","status-publish","format-standard","hentry","category-3r"],"post_mailing_queue_ids":[],"_links":{"self":[{"href":"https:\/\/agora.xtec.cat\/ceipelsametllers\/wp-json\/wp\/v2\/posts\/632","targetHints":{"allow":["GET"]}}],"collection":[{"href":"https:\/\/agora.xtec.cat\/ceipelsametllers\/wp-json\/wp\/v2\/posts"}],"about":[{"href":"https:\/\/agora.xtec.cat\/ceipelsametllers\/wp-json\/wp\/v2\/types\/post"}],"author":[{"embeddable":true,"href":"https:\/\/agora.xtec.cat\/ceipelsametllers\/wp-json\/wp\/v2\/users\/1"}],"replies":[{"embeddable":true,"href":"https:\/\/agora.xtec.cat\/ceipelsametllers\/wp-json\/wp\/v2\/comments?post=632"}],"version-history":[{"count":0,"href":"https:\/\/agora.xtec.cat\/ceipelsametllers\/wp-json\/wp\/v2\/posts\/632\/revisions"}],"wp:attachment":[{"href":"https:\/\/agora.xtec.cat\/ceipelsametllers\/wp-json\/wp\/v2\/media?parent=632"}],"wp:term":[{"taxonomy":"category","embeddable":true,"href":"https:\/\/agora.xtec.cat\/ceipelsametllers\/wp-json\/wp\/v2\/categories?post=632"},{"taxonomy":"post_tag","embeddable":true,"href":"https:\/\/agora.xtec.cat\/ceipelsametllers\/wp-json\/wp\/v2\/tags?post=632"}],"curies":[{"name":"wp","href":"https:\/\/api.w.org\/{rel}","templated":true}]}}