{"id":622,"date":"2012-03-06T13:35:00","date_gmt":"2012-03-06T12:35:00","guid":{"rendered":"http:\/\/agora.xtec.cat\/ceipelsametllers\/general\/celebrem-el-nadal\/"},"modified":"2012-03-06T13:35:00","modified_gmt":"2012-03-06T12:35:00","slug":"celebrem-el-nadal","status":"publish","type":"post","link":"https:\/\/agora.xtec.cat\/ceipelsametllers\/infantil\/i3\/celebrem-el-nadal\/","title":{"rendered":"CELEBREM EL NADAL"},"content":{"rendered":"<div style=\"text-align: justify;\"><span lang=\"CA\" style=\"mso-ansi-language: CA;\">Uns dies abans de l\u2019arribada del Nadal, l\u2019escola va comen\u00e7ar els preparatius de la festa. Al vest\u00edbul hi vam posar una arbre amb la col\u00b7laboraci\u00f3 de totes les fam\u00edlies de l\u2019escola. Cada una va portar una caixa embolicada amb paper de regal de tonalitats verdes i a cada caixa hi havia un escrit amb un desig. A m\u00e9s, entre tots els nens\/es de l\u2019escola vam fer un pessebre. Cada grup es va encarregar d\u2019elaborar diferents personatges: el naixement, ovelles, pastors, gallines, oques, el caganer, la dona que renta la roba al riu&#8230;<\/span><\/div>\n<div style=\"text-align: justify;\"><span lang=\"CA\" style=\"mso-ansi-language: CA;\">Als passadissos de l\u2019escola tamb\u00e9 estaven guarnits amb motius nadalencs.<\/span><\/div>\n<div style=\"text-align: justify;\"><\/div>\n<div style=\"text-align: justify;\"><span lang=\"CA\" style=\"mso-ansi-language: CA;\">L\u2019\u00faltim dia d\u2019escola, vam rebre&nbsp; la visita del patge reial que va venir a recollir les cartes&nbsp;dels reis, que amb il\u00b7lusi\u00f3 havien escrit els infants de l&#8217;escola. A m\u00e9s a m\u00e9s, els nens d&#8217;infantil i de cicle inicial desitjaven fer cagar el ti\u00f3, que aquest any ha estat prou gener\u00f3s.<\/span><\/div>\n<div style=\"text-align: justify;\"><span lang=\"CA\" style=\"mso-ansi-language: CA;\">Per \u00faltim, un festival ple de nadales i poemes recitats pels nens\/es va donar per finalitzat el nadal a l\u2019escola.<\/span><\/div>\n<div style=\"margin: 0cm 0cm 10pt; text-align: justify;\"><\/div>\n<div style=\"margin: 0cm 0cm 10pt; text-align: justify;\"><span lang=\"CA\" style=\"mso-ansi-language: CA;\"><span style=\"font-family: Calibri;\">Aqu\u00ed teniu un recull d\u2019imatges del que us acabem d\u2019explicar.<\/span><\/span><br \/><a href=\"https:\/\/picasaweb.google.com\/101069051287243885876\/NADAL2011INFANTIL#\" target=\"_blank\">Fotos infantil<\/a><br \/><a href=\"https:\/\/picasaweb.google.com\/101069051287243885876\/NADALPRIMARIA#\" target=\"_blank\">Fotos prim\u00e0ria<\/a><\/div>\n","protected":false},"excerpt":{"rendered":"<p>Uns dies abans de l\u2019arribada del Nadal, l\u2019escola va comen\u00e7ar els preparatius de la festa. Al vest\u00edbul hi vam posar una arbre amb la col\u00b7laboraci\u00f3 de totes les fam\u00edlies de l\u2019escola. Cada una va portar una caixa embolicada amb paper de regal de tonalitats verdes&hellip;  <a href=\"https:\/\/agora.xtec.cat\/ceipelsametllers\/infantil\/i3\/celebrem-el-nadal\/\" title=\"Read CELEBREM EL NADAL\">Llegeix m\u00e9s\u00bb<\/a><\/p>\n","protected":false},"author":1,"featured_media":0,"comment_status":"open","ping_status":"open","sticky":false,"template":"","format":"standard","meta":{"_bbp_topic_count":0,"_bbp_reply_count":0,"_bbp_total_topic_count":0,"_bbp_total_reply_count":0,"_bbp_voice_count":0,"_bbp_anonymous_reply_count":0,"_bbp_topic_count_hidden":0,"_bbp_reply_count_hidden":0,"_bbp_forum_subforum_count":0,"footnotes":""},"categories":[10,11,12,13,14,15,3,8,9],"tags":[],"class_list":["post-622","post","type-post","status-publish","format-standard","hentry","category-1r","category-2n","category-3r","category-4t","category-5e","category-6e","category-i3","category-i4","category-i5"],"post_mailing_queue_ids":[],"_links":{"self":[{"href":"https:\/\/agora.xtec.cat\/ceipelsametllers\/wp-json\/wp\/v2\/posts\/622","targetHints":{"allow":["GET"]}}],"collection":[{"href":"https:\/\/agora.xtec.cat\/ceipelsametllers\/wp-json\/wp\/v2\/posts"}],"about":[{"href":"https:\/\/agora.xtec.cat\/ceipelsametllers\/wp-json\/wp\/v2\/types\/post"}],"author":[{"embeddable":true,"href":"https:\/\/agora.xtec.cat\/ceipelsametllers\/wp-json\/wp\/v2\/users\/1"}],"replies":[{"embeddable":true,"href":"https:\/\/agora.xtec.cat\/ceipelsametllers\/wp-json\/wp\/v2\/comments?post=622"}],"version-history":[{"count":0,"href":"https:\/\/agora.xtec.cat\/ceipelsametllers\/wp-json\/wp\/v2\/posts\/622\/revisions"}],"wp:attachment":[{"href":"https:\/\/agora.xtec.cat\/ceipelsametllers\/wp-json\/wp\/v2\/media?parent=622"}],"wp:term":[{"taxonomy":"category","embeddable":true,"href":"https:\/\/agora.xtec.cat\/ceipelsametllers\/wp-json\/wp\/v2\/categories?post=622"},{"taxonomy":"post_tag","embeddable":true,"href":"https:\/\/agora.xtec.cat\/ceipelsametllers\/wp-json\/wp\/v2\/tags?post=622"}],"curies":[{"name":"wp","href":"https:\/\/api.w.org\/{rel}","templated":true}]}}