{"id":616,"date":"2012-10-16T12:53:00","date_gmt":"2012-10-16T11:53:00","guid":{"rendered":"http:\/\/agora.xtec.cat\/ceipelsametllers\/general\/616\/"},"modified":"2012-10-16T12:53:00","modified_gmt":"2012-10-16T11:53:00","slug":"616","status":"publish","type":"post","link":"https:\/\/agora.xtec.cat\/ceipelsametllers\/escola\/616\/","title":{"rendered":""},"content":{"rendered":"<div style=\"color: #a64d79; text-align: center;\"><u><span style=\"font-size: x-large;\"><b>BENVINGUTS AL NOU CURS ESCOLAR!!!!<\/b><\/span><\/u><\/div>\n<div style=\"color: #a64d79; text-align: center;\"><u><span style=\"font-size: x-large;\"><b><br \/><\/b><\/span><\/u><\/div>\n<div style=\"color: black;\">Ja hem iniciat un nou curs!!! Un curs ple d&#8217;il\u2022lusions,&nbsp; projectes i activitats preparades per als alumnes de l\u2019escola. Esperem que ens porti grans experi\u00e8ncies i nous coneixements, i tamb\u00e9 compartir bons moments tots plegats.<\/div>\n<div style=\"color: black;\"><\/div>\n<div style=\"color: black;\">El curs passat vam iniciar aquest bloc com a novetat, per tal que poguessiu veure les diferents activitats que an\u00e0vem realitzant a l&#8217;escola. Aquest any que tenim m\u00e9s experi\u00e8ncia, esperem consolidar-lo i, us animem a que participeu al bloc seguint-lo i deixant comentaris als articles publicats.<\/div>\n<div style=\"color: black;\">A l&#8217;escola, aquest curs, treballarem els contes. Cada classe ha triat el nom d&#8217;un conte, autor, personatge, o element propi dels contes. Per comen\u00e7ar us presentem els grups-classe amb el nom que han triat:<\/div>\n<div style=\"color: black;\">&nbsp;<a href=\"https:\/\/picasaweb.google.com\/101069051287243885876\/Benvinguts02#\" target=\"_blank\">Els alumnes de l&#8217;escola<\/a><\/div>\n","protected":false},"excerpt":{"rendered":"<p>BENVINGUTS AL NOU CURS ESCOLAR!!!!<\/p>\n<p>Ja hem iniciat un nou curs!!! Un curs ple d&#8217;il\u2022lusions,&nbsp; projectes i activitats preparades per als alumnes de l\u2019escola. Esperem que ens porti grans experi\u00e8ncies i nous coneixements, i tamb\u00e9 compartir bons moments tots plegats.<\/p>\n<p>El curs passat vam iniciar aquest bloc&hellip;  <a href=\"https:\/\/agora.xtec.cat\/ceipelsametllers\/escola\/616\/\" title=\"Read \">Llegeix m\u00e9s\u00bb<\/a><\/p>\n","protected":false},"author":1,"featured_media":0,"comment_status":"open","ping_status":"open","sticky":false,"template":"","format":"standard","meta":{"_bbp_topic_count":0,"_bbp_reply_count":0,"_bbp_total_topic_count":0,"_bbp_total_reply_count":0,"_bbp_voice_count":0,"_bbp_anonymous_reply_count":0,"_bbp_topic_count_hidden":0,"_bbp_reply_count_hidden":0,"_bbp_forum_subforum_count":0,"footnotes":""},"categories":[37],"tags":[],"class_list":["post-616","post","type-post","status-publish","format-standard","hentry","category-escola"],"post_mailing_queue_ids":[],"_links":{"self":[{"href":"https:\/\/agora.xtec.cat\/ceipelsametllers\/wp-json\/wp\/v2\/posts\/616","targetHints":{"allow":["GET"]}}],"collection":[{"href":"https:\/\/agora.xtec.cat\/ceipelsametllers\/wp-json\/wp\/v2\/posts"}],"about":[{"href":"https:\/\/agora.xtec.cat\/ceipelsametllers\/wp-json\/wp\/v2\/types\/post"}],"author":[{"embeddable":true,"href":"https:\/\/agora.xtec.cat\/ceipelsametllers\/wp-json\/wp\/v2\/users\/1"}],"replies":[{"embeddable":true,"href":"https:\/\/agora.xtec.cat\/ceipelsametllers\/wp-json\/wp\/v2\/comments?post=616"}],"version-history":[{"count":0,"href":"https:\/\/agora.xtec.cat\/ceipelsametllers\/wp-json\/wp\/v2\/posts\/616\/revisions"}],"wp:attachment":[{"href":"https:\/\/agora.xtec.cat\/ceipelsametllers\/wp-json\/wp\/v2\/media?parent=616"}],"wp:term":[{"taxonomy":"category","embeddable":true,"href":"https:\/\/agora.xtec.cat\/ceipelsametllers\/wp-json\/wp\/v2\/categories?post=616"},{"taxonomy":"post_tag","embeddable":true,"href":"https:\/\/agora.xtec.cat\/ceipelsametllers\/wp-json\/wp\/v2\/tags?post=616"}],"curies":[{"name":"wp","href":"https:\/\/api.w.org\/{rel}","templated":true}]}}