{"id":609,"date":"2012-11-20T14:44:00","date_gmt":"2012-11-20T13:44:00","guid":{"rendered":"http:\/\/agora.xtec.cat\/ceipelsametllers\/general\/p4-i-p5-pintem-la-tardor-de-vivaldi\/"},"modified":"2012-11-20T14:44:00","modified_gmt":"2012-11-20T13:44:00","slug":"p4-i-p5-pintem-la-tardor-de-vivaldi","status":"publish","type":"post","link":"https:\/\/agora.xtec.cat\/ceipelsametllers\/infantil\/i4\/p4-i-p5-pintem-la-tardor-de-vivaldi\/","title":{"rendered":"P4 I P5 PINTEM LA TARDOR DE VIVALDI"},"content":{"rendered":"<p><span lang=\"CA\">Els nens i nenes de P4 i P5 hem fet l\u2019audici\u00f3 de la tardor de Vivaldi. Una vegada escoltada hem pintat amb els colors de la tardor d\u2019una manera especial. Hem anat a l\u2019aula de psico, on estava tot a les fosques, i amb un ordinador i un can\u00f3 es projectaven imatges de la tardor en un paper enganxat a la paret on an\u00e0vem pintant mentre escolt\u00e0vem la m\u00fasica de Vivaldi. A continuaci\u00f3 podeu veure una mostra de l\u2019experi\u00e8ncia.<\/span><\/p>\n<div>\n<div style=\"clear: both; text-align: center;\"><\/div>\n<div style=\"clear: both; text-align: center;\"><a href=\"https:\/\/picasaweb.google.com\/101069051287243885876\/P4IP5PintenLaTardorDeVivaldi\" target=\"_blank\"><img loading=\"lazy\" decoding=\"async\" alt=\"\" border=\"0\" src=\"http:\/\/1.bp.blogspot.com\/-tc8Xh8jWyb8\/UKt4zwkLmSI\/AAAAAAAABU0\/aDWOJ6ia1F4\/s200\/DSC01025.JPG\" height=\"150\" title=\"\" width=\"200\" \/><\/a><\/div>\n<p><\/p>\n<div style=\"clear: both; text-align: center;\"><\/div>\n<p><span lang=\"CA\"><span style=\"color: red;\"><a href=\"https:\/\/picasaweb.google.com\/101069051287243885876\/P4IP5PintenLaTardorDeVivaldi#\" target=\"_blank\">Mireu!!!<\/a><\/span><\/span><\/div>\n","protected":false},"excerpt":{"rendered":"<p>Els nens i nenes de P4 i P5 hem fet l\u2019audici\u00f3 de la tardor de Vivaldi. Una vegada escoltada hem pintat amb els colors de la tardor d\u2019una manera especial. Hem anat a l\u2019aula de psico, on estava tot a les fosques, i amb un&hellip;  <a href=\"https:\/\/agora.xtec.cat\/ceipelsametllers\/infantil\/i4\/p4-i-p5-pintem-la-tardor-de-vivaldi\/\" title=\"Read P4 I P5 PINTEM LA TARDOR DE VIVALDI\">Llegeix m\u00e9s\u00bb<\/a><\/p>\n","protected":false},"author":1,"featured_media":0,"comment_status":"open","ping_status":"open","sticky":false,"template":"","format":"standard","meta":{"_bbp_topic_count":0,"_bbp_reply_count":0,"_bbp_total_topic_count":0,"_bbp_total_reply_count":0,"_bbp_voice_count":0,"_bbp_anonymous_reply_count":0,"_bbp_topic_count_hidden":0,"_bbp_reply_count_hidden":0,"_bbp_forum_subforum_count":0,"footnotes":""},"categories":[8,9],"tags":[],"class_list":["post-609","post","type-post","status-publish","format-standard","hentry","category-i4","category-i5"],"post_mailing_queue_ids":[],"_links":{"self":[{"href":"https:\/\/agora.xtec.cat\/ceipelsametllers\/wp-json\/wp\/v2\/posts\/609","targetHints":{"allow":["GET"]}}],"collection":[{"href":"https:\/\/agora.xtec.cat\/ceipelsametllers\/wp-json\/wp\/v2\/posts"}],"about":[{"href":"https:\/\/agora.xtec.cat\/ceipelsametllers\/wp-json\/wp\/v2\/types\/post"}],"author":[{"embeddable":true,"href":"https:\/\/agora.xtec.cat\/ceipelsametllers\/wp-json\/wp\/v2\/users\/1"}],"replies":[{"embeddable":true,"href":"https:\/\/agora.xtec.cat\/ceipelsametllers\/wp-json\/wp\/v2\/comments?post=609"}],"version-history":[{"count":0,"href":"https:\/\/agora.xtec.cat\/ceipelsametllers\/wp-json\/wp\/v2\/posts\/609\/revisions"}],"wp:attachment":[{"href":"https:\/\/agora.xtec.cat\/ceipelsametllers\/wp-json\/wp\/v2\/media?parent=609"}],"wp:term":[{"taxonomy":"category","embeddable":true,"href":"https:\/\/agora.xtec.cat\/ceipelsametllers\/wp-json\/wp\/v2\/categories?post=609"},{"taxonomy":"post_tag","embeddable":true,"href":"https:\/\/agora.xtec.cat\/ceipelsametllers\/wp-json\/wp\/v2\/tags?post=609"}],"curies":[{"name":"wp","href":"https:\/\/api.w.org\/{rel}","templated":true}]}}