{"id":606,"date":"2012-12-25T22:16:00","date_gmt":"2012-12-25T21:16:00","guid":{"rendered":"http:\/\/agora.xtec.cat\/ceipelsametllers\/general\/les-galetes-nadalenques-dinfantil\/"},"modified":"2012-12-25T22:16:00","modified_gmt":"2012-12-25T21:16:00","slug":"les-galetes-nadalenques-dinfantil","status":"publish","type":"post","link":"https:\/\/agora.xtec.cat\/ceipelsametllers\/infantil\/i3\/les-galetes-nadalenques-dinfantil\/","title":{"rendered":"LES GALETES NADALENQUES D&#8217;INFANTIL"},"content":{"rendered":"<div style=\"text-align: justify;\">Els nens i nenes d&#8217;educaci\u00f3 infantil vam fer com a manualitat de nadal per regalar a les fam\u00edlies unes galetes nadalenques amb la intenci\u00f3 de fer-les per penjar-les a l&#8217;arbre de nadal per\u00f2 ens sembla que cap d&#8217;ells es va poder resistir i no hi van arribar!<\/div>\n<div style=\"text-align: justify;\">Vam fer 4 masses de galetes per fer una galeta per cada nen i nena. Les que van sobrar les van vendre els nens i nenes de 6\u00e8 a la paradeta de berenars que munten tots els dimarts i divendres a la porta de l&#8217;escola per recaptar diners per al seu viatge de fi de curs. I es veu que van tenir molt d&#8217;\u00e8xit! Per a tots aquells que les vau comprar i vulgui fer-les a casa aqu\u00ed teniu la recepta:<\/div>\n<div style=\"text-align: justify;\"><\/div>\n<div style=\"text-align: justify;\">250 gr de mantega a temperatura ambient<\/div>\n<div style=\"text-align: justify;\">250gr de sucre<\/div>\n<div style=\"text-align: justify;\">650gr de farina<\/div>\n<div style=\"text-align: justify;\">1 ou mida XL<\/div>\n<div style=\"text-align: justify;\">una mica de llet<\/div>\n<div style=\"text-align: justify;\">aroma al gust (nosaltres hi vam posar vainilla)<\/div>\n<div style=\"text-align: justify;\"><\/div>\n<div style=\"text-align: justify;\">Amb una forquilla en un bol aixafem la mantega. Afegim el sucre i ho barregem. Afegim a continuaci\u00f3 l&#8217;ou i quan est\u00e0 barrejat hi afegim l&#8217;aroma. A continuaci\u00f3 posem una part de la farina i quan estigui una mica barrejat li tirem un rajolinet de llet (com una cullerada m\u00e9s o menys). Aboquem la resta de farina i amb la forquilla continuem barrejant. Si veiem que queda com engrunes de pa es que li falta una mica m\u00e9s de llet per ajudar a lligar la massa. Si pel contrari est\u00e0 molt enganxosa es que hi ha massa llet i es pot arreglar afegint una mica m\u00e9s de farina. Acabem d&#8217;amassar amb les mans.<\/div>\n<div style=\"text-align: justify;\">Per tal de tallar les galetes amb facilitat es recomana posar la massa a la nevera. Per aix\u00f2 primer l&#8217;hem d&#8217;estirar perqu\u00e8 sino despr\u00e9s est\u00e0 massa dura i costa m\u00e9s. Per tant dividim la massa en dues parts i estirem cadascuna d&#8217;elles entre dos fulls de paper de forn amb l&#8217;ajuda d&#8217;un corr\u00f3. Passat una hora es poden tallar les galetes perfectament.<\/div>\n<div style=\"text-align: justify;\">Escalfar el forn a 175\u00ba a dalt i a sota i enfornar durant uns 10 minuts. Quan les bores es comencen a tornar de color es que ja estan.<\/div>\n<div style=\"text-align: justify;\"><\/div>\n<div style=\"text-align: justify;\">Des d&#8217;aqu\u00ed agrair a les fam\u00edlies que es van endur les galetes per enfornar-les a casa!!<\/div>\n<div style=\"text-align: justify;\"><\/div>\n<div style=\"text-align: justify;\">Els nens i nenes d&#8217;infantil a m\u00e9s vam decorar les galetes amb fondant. Aqu\u00ed teniu una petita mostra per veure que maques van quedar.<\/div>\n<div style=\"clear: both; text-align: center;\"><a href=\"http:\/\/2.bp.blogspot.com\/-6Enneguk2Lk\/UNZDm21ZcKI\/AAAAAAAABwk\/KDofRLMZYP0\/s1600\/461929_234599333338930_1932250557_o.jpg\" style=\"margin-left: 1em; margin-right: 1em;\"><img loading=\"lazy\" decoding=\"async\" border=\"0\" height=\"640\" src=\"http:\/\/2.bp.blogspot.com\/-6Enneguk2Lk\/UNZDm21ZcKI\/AAAAAAAABwk\/KDofRLMZYP0\/s640\/461929_234599333338930_1932250557_o.jpg\" width=\"480\" \/><\/a><\/div>\n<p><\/p>\n","protected":false},"excerpt":{"rendered":"<p>Els nens i nenes d&#8217;educaci\u00f3 infantil vam fer com a manualitat de nadal per regalar a les fam\u00edlies unes galetes nadalenques amb la intenci\u00f3 de fer-les per penjar-les a l&#8217;arbre de nadal per\u00f2 ens sembla que cap d&#8217;ells es va poder resistir i no hi&hellip;  <a href=\"https:\/\/agora.xtec.cat\/ceipelsametllers\/infantil\/i3\/les-galetes-nadalenques-dinfantil\/\" title=\"Read LES GALETES NADALENQUES D&#8217;INFANTIL\">Llegeix m\u00e9s\u00bb<\/a><\/p>\n","protected":false},"author":1,"featured_media":0,"comment_status":"open","ping_status":"open","sticky":false,"template":"","format":"standard","meta":{"_bbp_topic_count":0,"_bbp_reply_count":0,"_bbp_total_topic_count":0,"_bbp_total_reply_count":0,"_bbp_voice_count":0,"_bbp_anonymous_reply_count":0,"_bbp_topic_count_hidden":0,"_bbp_reply_count_hidden":0,"_bbp_forum_subforum_count":0,"footnotes":""},"categories":[3,8,9],"tags":[],"class_list":["post-606","post","type-post","status-publish","format-standard","hentry","category-i3","category-i4","category-i5"],"post_mailing_queue_ids":[],"_links":{"self":[{"href":"https:\/\/agora.xtec.cat\/ceipelsametllers\/wp-json\/wp\/v2\/posts\/606","targetHints":{"allow":["GET"]}}],"collection":[{"href":"https:\/\/agora.xtec.cat\/ceipelsametllers\/wp-json\/wp\/v2\/posts"}],"about":[{"href":"https:\/\/agora.xtec.cat\/ceipelsametllers\/wp-json\/wp\/v2\/types\/post"}],"author":[{"embeddable":true,"href":"https:\/\/agora.xtec.cat\/ceipelsametllers\/wp-json\/wp\/v2\/users\/1"}],"replies":[{"embeddable":true,"href":"https:\/\/agora.xtec.cat\/ceipelsametllers\/wp-json\/wp\/v2\/comments?post=606"}],"version-history":[{"count":0,"href":"https:\/\/agora.xtec.cat\/ceipelsametllers\/wp-json\/wp\/v2\/posts\/606\/revisions"}],"wp:attachment":[{"href":"https:\/\/agora.xtec.cat\/ceipelsametllers\/wp-json\/wp\/v2\/media?parent=606"}],"wp:term":[{"taxonomy":"category","embeddable":true,"href":"https:\/\/agora.xtec.cat\/ceipelsametllers\/wp-json\/wp\/v2\/categories?post=606"},{"taxonomy":"post_tag","embeddable":true,"href":"https:\/\/agora.xtec.cat\/ceipelsametllers\/wp-json\/wp\/v2\/tags?post=606"}],"curies":[{"name":"wp","href":"https:\/\/api.w.org\/{rel}","templated":true}]}}