{"id":604,"date":"2013-01-17T17:39:00","date_gmt":"2013-01-17T16:39:00","guid":{"rendered":"http:\/\/agora.xtec.cat\/ceipelsametllers\/general\/cap-dany-a-p5\/"},"modified":"2013-01-17T17:39:00","modified_gmt":"2013-01-17T16:39:00","slug":"cap-dany-a-p5","status":"publish","type":"post","link":"https:\/\/agora.xtec.cat\/ceipelsametllers\/infantil\/i5\/cap-dany-a-p5\/","title":{"rendered":"Cap d&#8217;any a  P5"},"content":{"rendered":"<div style=\"text-align: justify;\">Tots els anys els nens i nenes d&#8217;infantil parlem quan arriba el Nadal del Ti\u00f3, el Pare Noel i els Reis Mags de l&#8217;Orient. Aquest curs hem anat m\u00e9s enll\u00e0 i els nens i nenes de P5 hem parlat de les dates importants que trobem a les festes de Nadal. Vam parlar i vam veure un v\u00eddeo sobre el sorteig de la grossa de Nadal i despr\u00e9s vam fer el nostre propi sorteig a classe. Vam parlar dels sopars i dinars que es fan en fam\u00edlia i vam celebrar el nostre propi sopar de Cap d&#8217;any el dia abans d&#8217;acabar el trimestre.<\/div>\n<div style=\"text-align: justify;\">Vam venir mudats per l&#8217;ocasi\u00f3! Mireu:<\/div>\n<div style=\"clear: both; text-align: center;\"><a href=\"http:\/\/1.bp.blogspot.com\/-cs2gYItiI14\/UPgfaAhn5VI\/AAAAAAAAByc\/5TtKHlHAQp4\/s1600\/cap+d%2527any+%255B640x480%255D.JPG\" style=\"margin-left: 1em; margin-right: 1em;\"><img loading=\"lazy\" decoding=\"async\" border=\"0\" height=\"300\" jea=\"true\" src=\"http:\/\/1.bp.blogspot.com\/-cs2gYItiI14\/UPgfaAhn5VI\/AAAAAAAAByc\/5TtKHlHAQp4\/s400\/cap+d%2527any+%255B640x480%255D.JPG\" width=\"400\" \/><\/a><\/div>\n<div style=\"clear: both; text-align: center;\"><\/div>\n<div style=\"border-bottom: medium none; border-left: medium none; border-right: medium none; border-top: medium none;\"><\/div>\n<div align=\"justify\">Vam parar taula per poder fer&nbsp;l&#8217;esmorzar-sopar, vam preparar en uns gotets els 12 lacasitos per fer les campanades en acabar i els pares van col\u00b7laborar portant-nos tamb\u00e9 un cotill\u00f3 per a cada infant.&nbsp; Podeu veure com van anar en aquest v\u00eddeo:<\/div>\n<div align=\"justify\"><\/div>\n<div align=\"justify\">\n<div style=\"clear: both; text-align: center;\"><object class codebase=\"http:\/\/download.macromedia.com\/pub\/shockwave\/cabs\/flash\/swflash.cab#version=6,0,40,0\" data-thumbnail-src=\"http:\/\/i.ytimg.com\/vi\/wzDQc6WXPnA\/0.jpg\" height=\"266\" width=\"320\"><param name=\"movie\" value=\"http:\/\/www.youtube.com\/v\/wzDQc6WXPnA?version=3&#038;f=user_uploads&#038;c=google-webdrive-0&#038;app=youtube_gdata\" \/><param name=\"bgcolor\" value=\"#FFFFFF\" \/><param name=\"allowFullScreen\" value=\"true\" \/><embed width=\"320\" height=\"266\"  src=\"http:\/\/www.youtube.com\/v\/wzDQc6WXPnA?version=3&#038;f=user_uploads&#038;c=google-webdrive-0&#038;app=youtube_gdata\" type=\"application\/x-shockwave-flash\" allowfullscreen=\"true\"><\/embed><\/object><\/div>\n<p><\/div>\n<div align=\"justify\"><\/div>\n<div align=\"justify\">En acabar vam ballar una estona m\u00fasica discotequera i &#8230; OH! &#8220;Qu\u00e8 \u00e9s aix\u00f2 que sona?&#8221;&#8230; Simulacre d&#8217;incendi tots corrents cap al pati!\ufeff Tot va anar b\u00e9 i despr\u00e9s del pati, no us penseu que tot \u00e9s festa, ens va tocar fer el que tan poc agrada l&#8217;endem\u00e0&#8230; a recollir i escombrar tota la festa.<\/div>\n<div align=\"justify\">A continuaci\u00f3 teniu un petit recull de fotos del que va ser la festa. <\/div>\n<div align=\"justify\"><\/div><embed flashvars=\"host=picasaweb.google.com&amp;hl=es&amp;feat=flashalbum&amp;RGB=0x000000&amp;feed=https%3A%2F%2Fpicasaweb.google.com%2Fdata%2Ffeed%2Fapi%2Fuser%2F101069051287243885876%2Falbumid%2F5834447753245688465%3Falt%3Drss%26kind%3Dphoto%26hl%3Des\" height=\"192\" pluginspage=\"http:\/\/www.macromedia.com\/go\/getflashplayer\" src=\"https:\/\/picasaweb.google.com\/s\/c\/bin\/slideshow.swf\" type=\"application\/x-shockwave-flash\" width=\"288\"><\/embed><\/p>\n","protected":false},"excerpt":{"rendered":"<p>Tots els anys els nens i nenes d&#8217;infantil parlem quan arriba el Nadal del Ti\u00f3, el Pare Noel i els Reis Mags de l&#8217;Orient. Aquest curs hem anat m\u00e9s enll\u00e0 i els nens i nenes de P5 hem parlat de les dates importants que trobem&hellip;  <a href=\"https:\/\/agora.xtec.cat\/ceipelsametllers\/infantil\/i5\/cap-dany-a-p5\/\" title=\"Read Cap d&#8217;any a  P5\">Llegeix m\u00e9s\u00bb<\/a><\/p>\n","protected":false},"author":1,"featured_media":0,"comment_status":"open","ping_status":"open","sticky":false,"template":"","format":"standard","meta":{"_bbp_topic_count":0,"_bbp_reply_count":0,"_bbp_total_topic_count":0,"_bbp_total_reply_count":0,"_bbp_voice_count":0,"_bbp_anonymous_reply_count":0,"_bbp_topic_count_hidden":0,"_bbp_reply_count_hidden":0,"_bbp_forum_subforum_count":0,"footnotes":""},"categories":[9],"tags":[],"class_list":["post-604","post","type-post","status-publish","format-standard","hentry","category-i5"],"post_mailing_queue_ids":[],"_links":{"self":[{"href":"https:\/\/agora.xtec.cat\/ceipelsametllers\/wp-json\/wp\/v2\/posts\/604","targetHints":{"allow":["GET"]}}],"collection":[{"href":"https:\/\/agora.xtec.cat\/ceipelsametllers\/wp-json\/wp\/v2\/posts"}],"about":[{"href":"https:\/\/agora.xtec.cat\/ceipelsametllers\/wp-json\/wp\/v2\/types\/post"}],"author":[{"embeddable":true,"href":"https:\/\/agora.xtec.cat\/ceipelsametllers\/wp-json\/wp\/v2\/users\/1"}],"replies":[{"embeddable":true,"href":"https:\/\/agora.xtec.cat\/ceipelsametllers\/wp-json\/wp\/v2\/comments?post=604"}],"version-history":[{"count":0,"href":"https:\/\/agora.xtec.cat\/ceipelsametllers\/wp-json\/wp\/v2\/posts\/604\/revisions"}],"wp:attachment":[{"href":"https:\/\/agora.xtec.cat\/ceipelsametllers\/wp-json\/wp\/v2\/media?parent=604"}],"wp:term":[{"taxonomy":"category","embeddable":true,"href":"https:\/\/agora.xtec.cat\/ceipelsametllers\/wp-json\/wp\/v2\/categories?post=604"},{"taxonomy":"post_tag","embeddable":true,"href":"https:\/\/agora.xtec.cat\/ceipelsametllers\/wp-json\/wp\/v2\/tags?post=604"}],"curies":[{"name":"wp","href":"https:\/\/api.w.org\/{rel}","templated":true}]}}