{"id":600,"date":"2013-02-06T11:58:00","date_gmt":"2013-02-06T10:58:00","guid":{"rendered":"http:\/\/agora.xtec.cat\/ceipelsametllers\/general\/ha-vingut-un-cuiner\/"},"modified":"2013-02-06T11:58:00","modified_gmt":"2013-02-06T10:58:00","slug":"ha-vingut-un-cuiner","status":"publish","type":"post","link":"https:\/\/agora.xtec.cat\/ceipelsametllers\/infantil\/i5\/ha-vingut-un-cuiner\/","title":{"rendered":"HA VINGUT UN CUINER"},"content":{"rendered":"<p><em>Els nens i nenes de P5 han preparat un escrit per explicar-vos una activitat que vam fer a classe. A continuaci\u00f3 teniu la seva explicaci\u00f3 despr\u00e9s de posar les idees en un full individualment i despr\u00e9s posar-ho en com\u00fa per petits grups sobre les coses que eren important escriure per donar-vos la noticia.<\/em><\/p>\n<div style=\"border-bottom: medium none; border-left: medium none; border-right: medium none; border-top: medium none; clear: both; text-align: center;\"><a href=\"http:\/\/3.bp.blogspot.com\/-9NabTAT39ZE\/URI19idnZ2I\/AAAAAAAACL4\/Yi8sW8fpsrw\/s1600\/P2060023+%255B800x600%255D.jpg\" style=\"clear: left; cssfloat: left; float: left; margin-bottom: 1em; margin-right: 1em;\"><img loading=\"lazy\" decoding=\"async\" border=\"0\" height=\"240\" jea=\"true\" src=\"http:\/\/3.bp.blogspot.com\/-9NabTAT39ZE\/URI19idnZ2I\/AAAAAAAACL4\/Yi8sW8fpsrw\/s320\/P2060023+%255B800x600%255D.jpg\" width=\"320\" \/><\/a><\/div>\n<p><\/p>\n<div style=\"clear: both; text-align: center;\"><a href=\"http:\/\/2.bp.blogspot.com\/-V96ZZhpmgpU\/URI1-iclgjI\/AAAAAAAACME\/1uf3Rn4Vy3M\/s1600\/P2060024+%255B800x600%255D.jpg\" style=\"margin-left: 1em; margin-right: 1em;\"><img loading=\"lazy\" decoding=\"async\" border=\"0\" height=\"320\" jea=\"true\" src=\"http:\/\/2.bp.blogspot.com\/-V96ZZhpmgpU\/URI1-iclgjI\/AAAAAAAACME\/1uf3Rn4Vy3M\/s320\/P2060024+%255B800x600%255D.jpg\" width=\"240\" \/><\/a><\/div>\n<div style=\"border-bottom: medium none; border-left: medium none; border-right: medium none; border-top: medium none;\"><\/div>\n<div style=\"border-bottom: medium none; border-left: medium none; border-right: medium none; border-top: medium none;\">Ahir va venir a la classe de P5 el Cristian, germ\u00e0 del Pau, que est\u00e0 estudiant a l&#8217;escola de Cambrils per ser cuiner. <\/div>\n<div style=\"border-bottom: medium none; border-left: medium none; border-right: medium none; border-top: medium none;\"><a href=\"http:\/\/1.bp.blogspot.com\/-q3Uj3zrl-Dc\/URI15ei76HI\/AAAAAAAACKs\/onh0HTf6JXQ\/s1600\/P2050014+%255B800x600%255D.jpg\" style=\"clear: right; cssfloat: right; float: right; margin-bottom: 1em; margin-left: 1em;\"><img loading=\"lazy\" decoding=\"async\" border=\"0\" height=\"150\" jea=\"true\" src=\"http:\/\/1.bp.blogspot.com\/-q3Uj3zrl-Dc\/URI15ei76HI\/AAAAAAAACKs\/onh0HTf6JXQ\/s200\/P2050014+%255B800x600%255D.jpg\" width=\"200\" \/><\/a>El Cristian ens va portar un coc i nosaltres el vam ajudar a decorar-lo. <\/div>\n<div style=\"border-bottom: medium none; border-left: medium none; border-right: medium none; border-top: medium none;\"><\/div>\n<div style=\"border-bottom: medium none; border-left: medium none; border-right: medium none; border-top: medium none;\">INGREDIENTS:<\/div>\n<div style=\"border-bottom: medium none; border-left: medium none; border-right: medium none; border-top: medium none;\">xocolata<\/div>\n<div style=\"border-bottom: medium none; border-left: medium none; border-right: medium none; border-top: medium none;\">llet<\/div>\n<div style=\"border-bottom: medium none; border-left: medium none; border-right: medium none; border-top: medium none;\">perles de sucre<\/div>\n<div style=\"border-bottom: medium none; border-left: medium none; border-right: medium none; border-top: medium none;\">fideus de colors<\/div>\n<div style=\"border-bottom: medium none; border-left: medium none; border-right: medium none; border-top: medium none;\">melmelada de <em>gerds<\/em>&nbsp;&#8220;frambuesa&#8221;<\/div>\n<div style=\"border-bottom: medium none; border-left: medium none; border-right: medium none; border-top: medium none;\"><\/div>\n<div style=\"border-bottom: medium none; border-left: medium none; border-right: medium none; border-top: medium none;\">Vam posar la llet al microones&nbsp; i despr\u00e9s vam posar la xocolota i es va desfer tota.<\/div>\n<div style=\"border-bottom: medium none; border-left: medium none; border-right: medium none; border-top: medium none;\"><\/div>\n<div style=\"clear: both; text-align: center;\"><a href=\"http:\/\/3.bp.blogspot.com\/-JthaMJouyQ8\/URI17_K3J8I\/AAAAAAAACLY\/2D5FF6Hf00U\/s1600\/P2050019+%255B800x600%255D.jpg\" style=\"margin-left: 1em; margin-right: 1em;\"><img loading=\"lazy\" decoding=\"async\" border=\"0\" height=\"240\" jea=\"true\" src=\"http:\/\/3.bp.blogspot.com\/-JthaMJouyQ8\/URI17_K3J8I\/AAAAAAAACLY\/2D5FF6Hf00U\/s320\/P2050019+%255B800x600%255D.jpg\" width=\"320\" \/><\/a><\/div>\n<div style=\"border-bottom: medium none; border-left: medium none; border-right: medium none; border-top: medium none;\"><\/div>\n<div style=\"border-bottom: medium none; border-left: medium none; border-right: medium none; border-top: medium none;\">A dins del coc vam posar la melmelada. Vam posar al damunt la xocolata i li vam tirar perles de sucre i fideus de colors.<\/div>\n<div style=\"border-bottom: medium none; border-left: medium none; border-right: medium none; border-top: medium none;\"><\/div>\n<div style=\"clear: both; text-align: center;\"><a href=\"http:\/\/4.bp.blogspot.com\/-8nmti-8SpTY\/URI19HM_mBI\/AAAAAAAACL0\/9C97SlyT5Bo\/s1600\/P2050022+%255B800x600%255D.jpg\" style=\"margin-left: 1em; margin-right: 1em;\"><img loading=\"lazy\" decoding=\"async\" border=\"0\" height=\"240\" jea=\"true\" src=\"http:\/\/4.bp.blogspot.com\/-8nmti-8SpTY\/URI19HM_mBI\/AAAAAAAACL0\/9C97SlyT5Bo\/s320\/P2050022+%255B800x600%255D.jpg\" width=\"320\" \/><\/a><\/div>\n<p>El vam deixar a la nevera i avui ens el mengarem per esmorzar.<br \/><a href=\"https:\/\/picasaweb.google.com\/101069051287243885876\/Cuiner?authuser=0&amp;feat=directlink\" target=\"_blank\">Fotos del proc\u00e9s.<\/a><\/p>\n","protected":false},"excerpt":{"rendered":"<p>Els nens i nenes de P5 han preparat un escrit per explicar-vos una activitat que vam fer a classe. A continuaci\u00f3 teniu la seva explicaci\u00f3 despr\u00e9s de posar les idees en un full individualment i despr\u00e9s posar-ho en com\u00fa per petits grups sobre les coses&hellip;  <a href=\"https:\/\/agora.xtec.cat\/ceipelsametllers\/infantil\/i5\/ha-vingut-un-cuiner\/\" title=\"Read HA VINGUT UN CUINER\">Llegeix m\u00e9s\u00bb<\/a><\/p>\n","protected":false},"author":1,"featured_media":0,"comment_status":"open","ping_status":"open","sticky":false,"template":"","format":"standard","meta":{"_bbp_topic_count":0,"_bbp_reply_count":0,"_bbp_total_topic_count":0,"_bbp_total_reply_count":0,"_bbp_voice_count":0,"_bbp_anonymous_reply_count":0,"_bbp_topic_count_hidden":0,"_bbp_reply_count_hidden":0,"_bbp_forum_subforum_count":0,"footnotes":""},"categories":[9],"tags":[],"class_list":["post-600","post","type-post","status-publish","format-standard","hentry","category-i5"],"post_mailing_queue_ids":[],"_links":{"self":[{"href":"https:\/\/agora.xtec.cat\/ceipelsametllers\/wp-json\/wp\/v2\/posts\/600","targetHints":{"allow":["GET"]}}],"collection":[{"href":"https:\/\/agora.xtec.cat\/ceipelsametllers\/wp-json\/wp\/v2\/posts"}],"about":[{"href":"https:\/\/agora.xtec.cat\/ceipelsametllers\/wp-json\/wp\/v2\/types\/post"}],"author":[{"embeddable":true,"href":"https:\/\/agora.xtec.cat\/ceipelsametllers\/wp-json\/wp\/v2\/users\/1"}],"replies":[{"embeddable":true,"href":"https:\/\/agora.xtec.cat\/ceipelsametllers\/wp-json\/wp\/v2\/comments?post=600"}],"version-history":[{"count":0,"href":"https:\/\/agora.xtec.cat\/ceipelsametllers\/wp-json\/wp\/v2\/posts\/600\/revisions"}],"wp:attachment":[{"href":"https:\/\/agora.xtec.cat\/ceipelsametllers\/wp-json\/wp\/v2\/media?parent=600"}],"wp:term":[{"taxonomy":"category","embeddable":true,"href":"https:\/\/agora.xtec.cat\/ceipelsametllers\/wp-json\/wp\/v2\/categories?post=600"},{"taxonomy":"post_tag","embeddable":true,"href":"https:\/\/agora.xtec.cat\/ceipelsametllers\/wp-json\/wp\/v2\/tags?post=600"}],"curies":[{"name":"wp","href":"https:\/\/api.w.org\/{rel}","templated":true}]}}