{"id":598,"date":"2013-02-12T13:52:00","date_gmt":"2013-02-12T12:52:00","guid":{"rendered":"http:\/\/agora.xtec.cat\/ceipelsametllers\/general\/setmana-de-carnaval\/"},"modified":"2013-02-12T13:52:00","modified_gmt":"2013-02-12T12:52:00","slug":"setmana-de-carnaval","status":"publish","type":"post","link":"https:\/\/agora.xtec.cat\/ceipelsametllers\/infantil\/i3\/setmana-de-carnaval\/","title":{"rendered":"SETMANA DE CARNAVAL"},"content":{"rendered":"<p><title><\/title>&#8211;&gt; <\/p>\n<div style=\"margin-bottom: 0cm;\">Comencem la setmana de carnaval amb l\u2019arribo que preparen els nens de sis\u00e8. Arriba el rei carnestoltes i tots els nens i nenes de l\u2019escola surten al pati a rebre\u2019l. Els nes de sis\u00e8, a m\u00e9s de portar al rei de la poca solta, ens fan una demostraci\u00f3 de ball que tots els seus companys apludeixen.<\/div>\n<div style=\"margin-bottom: 0cm;\"><\/div>\n<div style=\"margin-bottom: 0cm;\"><\/div>\n<div style=\"clear: both; text-align: center;\"><a href=\"https:\/\/picasaweb.google.com\/101069051287243885876\/Carnaval03#\" style=\"margin-left: 1em; margin-right: 1em;\" target=\"_blank\"><img loading=\"lazy\" decoding=\"async\" border=\"0\" src=\"http:\/\/4.bp.blogspot.com\/-ZNf0Zq4X-eQ\/URo68peh1hI\/AAAAAAAACOc\/CBq9ScVSdEI\/s320\/SAM_2315%2B%255B800x600%255D.jpg\" height=\"240\" width=\"320\" \/><\/a><\/div>\n<div style=\"margin-bottom: 0cm;\"><\/div>\n<p>El dia 8 de febrer vam celebrar la festa del Carnaval. Com ja sabeu el tema del curs s\u00f3n &#8220;els contes&#8221;, per tant cada grup havia de preparar una disfressa relacionada amb el nom de la seva classe. A P-3 van sortir unes cabretes molt mones, una mama cabreta i un llop. A P4-A vam tenir caputxetes i llops ferotges!! A P4-B quina por amb els reis lleons! a P-5 van sortir porquets i m\u00e9s llops!! A la classe de 1r. van sortir unes llaminadures d&#8217;all\u00f2 m\u00e9s dolces, agafades de la caseta de xocolata! A 2n-A ens vam endinsar al m\u00f3n de Peter Pan! A 2n-B amb les bruixes i els bruixots, vam quedar tots encantats. A 3r. fantasmes de les cases i els castells encantats. A 4t-A molts vampirs van sortir! A 4t-B van sortir unes xocolatines molt divertides. A 5\u00e8 amb les cr\u00f2niques de Narnia vam tenir reines blanques i ratolins. Per \u00faltim a 6\u00e8, els llibres d&#8217; Andersen van desfilar. Aqu\u00ed us deixem algunes fotos per qu\u00e8 pogueu veure que b\u00e9 que ens ho vam passar! Esperem que us agradin.<\/p>\n","protected":false},"excerpt":{"rendered":"<p>&#8211;&gt;<br \/>\nComencem la setmana de carnaval amb l\u2019arribo que preparen els nens de sis\u00e8. Arriba el rei carnestoltes i tots els nens i nenes de l\u2019escola surten al pati a rebre\u2019l. Els nes de sis\u00e8, a m\u00e9s de portar al rei de la poca solta,&hellip;  <a href=\"https:\/\/agora.xtec.cat\/ceipelsametllers\/infantil\/i3\/setmana-de-carnaval\/\" title=\"Read SETMANA DE CARNAVAL\">Llegeix m\u00e9s\u00bb<\/a><\/p>\n","protected":false},"author":1,"featured_media":0,"comment_status":"open","ping_status":"open","sticky":false,"template":"","format":"standard","meta":{"_bbp_topic_count":0,"_bbp_reply_count":0,"_bbp_total_topic_count":0,"_bbp_total_reply_count":0,"_bbp_voice_count":0,"_bbp_anonymous_reply_count":0,"_bbp_topic_count_hidden":0,"_bbp_reply_count_hidden":0,"_bbp_forum_subforum_count":0,"footnotes":""},"categories":[10,11,12,13,14,15,3,8,9],"tags":[],"class_list":["post-598","post","type-post","status-publish","format-standard","hentry","category-1r","category-2n","category-3r","category-4t","category-5e","category-6e","category-i3","category-i4","category-i5"],"post_mailing_queue_ids":[],"_links":{"self":[{"href":"https:\/\/agora.xtec.cat\/ceipelsametllers\/wp-json\/wp\/v2\/posts\/598","targetHints":{"allow":["GET"]}}],"collection":[{"href":"https:\/\/agora.xtec.cat\/ceipelsametllers\/wp-json\/wp\/v2\/posts"}],"about":[{"href":"https:\/\/agora.xtec.cat\/ceipelsametllers\/wp-json\/wp\/v2\/types\/post"}],"author":[{"embeddable":true,"href":"https:\/\/agora.xtec.cat\/ceipelsametllers\/wp-json\/wp\/v2\/users\/1"}],"replies":[{"embeddable":true,"href":"https:\/\/agora.xtec.cat\/ceipelsametllers\/wp-json\/wp\/v2\/comments?post=598"}],"version-history":[{"count":0,"href":"https:\/\/agora.xtec.cat\/ceipelsametllers\/wp-json\/wp\/v2\/posts\/598\/revisions"}],"wp:attachment":[{"href":"https:\/\/agora.xtec.cat\/ceipelsametllers\/wp-json\/wp\/v2\/media?parent=598"}],"wp:term":[{"taxonomy":"category","embeddable":true,"href":"https:\/\/agora.xtec.cat\/ceipelsametllers\/wp-json\/wp\/v2\/categories?post=598"},{"taxonomy":"post_tag","embeddable":true,"href":"https:\/\/agora.xtec.cat\/ceipelsametllers\/wp-json\/wp\/v2\/tags?post=598"}],"curies":[{"name":"wp","href":"https:\/\/api.w.org\/{rel}","templated":true}]}}