{"id":596,"date":"2013-02-21T14:15:00","date_gmt":"2013-02-21T13:15:00","guid":{"rendered":"http:\/\/agora.xtec.cat\/ceipelsametllers\/general\/el-protagonista-dels-contes-carla-conde\/"},"modified":"2013-02-21T14:15:00","modified_gmt":"2013-02-21T13:15:00","slug":"el-protagonista-dels-contes-carla-conde","status":"publish","type":"post","link":"https:\/\/agora.xtec.cat\/ceipelsametllers\/infantil\/i5\/el-protagonista-dels-contes-carla-conde\/","title":{"rendered":"El Protagonista dels Contes: Carla Conde"},"content":{"rendered":"<div style=\"text-align: justify;\">Aquesta setmana hem estrenat el Protagonista dels Contes. Cada nen\/a de la classe es prepara a casa un conte per explicar-nos a la resta de companys de classe amb l&#8217;ajuda dels seus familiars. Poden portar elements per fer l&#8217;explicaci\u00f3 del conte com un llibre, un objecte, un petit decorat,&#8230;. i si alg\u00fa vol pot portar una petita manualitat per fer despr\u00e9s del conte tots junts.<\/div>\n<div style=\"text-align: justify;\">La Carla Conde ha estat la primera protagonista d&#8217;explicar-nos un conte i ha triat &#8220;El Flaustista d&#8217;Hamelin&#8221;.<\/div>\n<div style=\"text-align: justify;\">Va venir acompanyada dels seus pares i amb un munt d&#8217;elements per fer-nos participar del seu conte teatralitzat. Aqu\u00ed podeu veure com va venir preparada amb micr\u00f2fon i tot per fer-nos la presentaci\u00f3!<\/div>\n<div style=\"text-align: justify;\"><\/div>\n<div style=\"clear: both; text-align: center;\"><\/div>\n<div style=\"clear: both; text-align: center;\"><a href=\"http:\/\/3.bp.blogspot.com\/-BAtZMVkYeKs\/USXTZP120PI\/AAAAAAAACQk\/YMRD5B7ZJ_g\/s1600\/DSC05329.JPG\" style=\"margin-left: 1em; margin-right: 1em;\"><img loading=\"lazy\" decoding=\"async\" border=\"0\" height=\"240\" mea=\"true\" src=\"http:\/\/3.bp.blogspot.com\/-BAtZMVkYeKs\/USXTZP120PI\/AAAAAAAACQk\/YMRD5B7ZJ_g\/s320\/DSC05329.JPG\" width=\"320\" \/><\/a><\/div>\n<div style=\"border-bottom: medium none; border-left: medium none; border-right: medium none; border-top: medium none; text-align: justify;\">La seva mare ens feia de narradora de la historia i ens posava la m\u00fasica. El seu pare era l&#8217;alcalde i ella la flautista i la resta de nens i nenes eren els ratolins.<\/div>\n<div style=\"border-bottom: medium none; border-left: medium none; border-right: medium none; border-top: medium none; text-align: justify;\"><\/div>\n<div style=\"clear: both; text-align: center;\"><\/div>\n<table align=\"center\" cellpadding=\"0\" cellspacing=\"0\" style=\"margin-left: auto; margin-right: auto; text-align: center;\">\n<tbody>\n<tr>\n<td style=\"text-align: center;\"><a href=\"http:\/\/3.bp.blogspot.com\/-f5camhv64hw\/USXTbPhhK_I\/AAAAAAAACRI\/jRYWUUYa1qA\/s1600\/DSC05332.JPG\" style=\"margin-left: auto; margin-right: auto;\"><img loading=\"lazy\" decoding=\"async\" border=\"0\" height=\"320\" mea=\"true\" src=\"http:\/\/3.bp.blogspot.com\/-f5camhv64hw\/USXTbPhhK_I\/AAAAAAAACRI\/jRYWUUYa1qA\/s320\/DSC05332.JPG\" width=\"240\" \/><\/a><\/td>\n<\/tr>\n<tr>\n<td style=\"text-align: center;\"><span style=\"color: white;\">La Carla llegint els seus di\u00e0legs<\/span><\/td>\n<\/tr>\n<\/tbody>\n<\/table>\n<div style=\"border-bottom: medium none; border-left: medium none; border-right: medium none; border-top: medium none;\"><\/div>\n<p>\ufeff <\/p>\n<div style=\"clear: both; text-align: center;\"><\/div>\n<p>\ufeff <\/p>\n<table align=\"center\" cellpadding=\"0\" cellspacing=\"0\" style=\"margin-left: auto; margin-right: auto; text-align: center;\">\n<tbody>\n<tr>\n<td style=\"text-align: center;\"><a href=\"http:\/\/4.bp.blogspot.com\/-bcVhZSOXEZ0\/USXTbgQ8uLI\/AAAAAAAACRQ\/c6aG5xFBGZE\/s1600\/DSC05333.JPG\" style=\"margin-left: auto; margin-right: auto;\"><img loading=\"lazy\" decoding=\"async\" border=\"0\" height=\"300\" mea=\"true\" src=\"http:\/\/4.bp.blogspot.com\/-bcVhZSOXEZ0\/USXTbgQ8uLI\/AAAAAAAACRQ\/c6aG5xFBGZE\/s400\/DSC05333.JPG\" width=\"400\" \/><\/a><\/td>\n<\/tr>\n<tr>\n<td style=\"text-align: center;\"><span style=\"color: white;\">Els ratolins seguint al Flautista<\/span><\/td>\n<\/tr>\n<\/tbody>\n<\/table>\n<div style=\"clear: both; text-align: center;\"><\/div>\n<table align=\"center\" cellpadding=\"0\" cellspacing=\"0\" style=\"margin-left: auto; margin-right: auto; text-align: center;\">\n<tbody>\n<tr>\n<td style=\"text-align: center;\"><a href=\"http:\/\/3.bp.blogspot.com\/-1IlNes8Mx9I\/USXTcxXKfyI\/AAAAAAAACRk\/1N592DiSfyA\/s1600\/DSC05335.JPG\" style=\"margin-left: auto; margin-right: auto;\"><img loading=\"lazy\" decoding=\"async\" border=\"0\" height=\"300\" mea=\"true\" src=\"http:\/\/3.bp.blogspot.com\/-1IlNes8Mx9I\/USXTcxXKfyI\/AAAAAAAACRk\/1N592DiSfyA\/s400\/DSC05335.JPG\" width=\"400\" \/><\/a><\/td>\n<\/tr>\n<tr>\n<td style=\"text-align: center;\"><span style=\"background-color: white; color: white;\">Els nens d&#8217;Hamelin seguint al Flautista<\/span><\/td>\n<\/tr>\n<\/tbody>\n<\/table>\n<div style=\"clear: both; text-align: center;\"><\/div>\n<div style=\"clear: both; text-align: justify;\">Quan vam tornar a la classe vam omplir una fitxa on vam escriure el t\u00edtol del conte, els seus personatges i si ens hav\u00eda agradat i per qu\u00e8.<\/div>\n<div style=\"clear: both; text-align: justify;\">Ens ho vam passar molt b\u00e9\ufeff i tots pregunten quan els hi tocar\u00e0 a ells ser el Protagonista dels Contes!<\/div>\n<div style=\"clear: both; text-align: justify;\"><a href=\"https:\/\/picasaweb.google.com\/101069051287243885876\/ProtagonistaContesCarlaConde?authuser=0&amp;feat=directlink\" target=\"_blank\">Aqu\u00ed podeu veure m\u00e9s fotos de com vam representar el conte.<\/a><\/div>\n<div align=\"justify\" style=\"clear: both; text-align: center;\">\ufeff<\/div>\n<p><\/p>\n<div style=\"text-align: justify;\"><\/div>\n<div style=\"text-align: justify;\"><\/div>\n","protected":false},"excerpt":{"rendered":"<p>Aquesta setmana hem estrenat el Protagonista dels Contes. Cada nen\/a de la classe es prepara a casa un conte per explicar-nos a la resta de companys de classe amb l&#8217;ajuda dels seus familiars. Poden portar elements per fer l&#8217;explicaci\u00f3 del conte com un llibre, un&hellip;  <a href=\"https:\/\/agora.xtec.cat\/ceipelsametllers\/infantil\/i5\/el-protagonista-dels-contes-carla-conde\/\" title=\"Read El Protagonista dels Contes: Carla Conde\">Llegeix m\u00e9s\u00bb<\/a><\/p>\n","protected":false},"author":1,"featured_media":0,"comment_status":"open","ping_status":"open","sticky":false,"template":"","format":"standard","meta":{"_bbp_topic_count":0,"_bbp_reply_count":0,"_bbp_total_topic_count":0,"_bbp_total_reply_count":0,"_bbp_voice_count":0,"_bbp_anonymous_reply_count":0,"_bbp_topic_count_hidden":0,"_bbp_reply_count_hidden":0,"_bbp_forum_subforum_count":0,"footnotes":""},"categories":[9],"tags":[],"class_list":["post-596","post","type-post","status-publish","format-standard","hentry","category-i5"],"post_mailing_queue_ids":[],"_links":{"self":[{"href":"https:\/\/agora.xtec.cat\/ceipelsametllers\/wp-json\/wp\/v2\/posts\/596","targetHints":{"allow":["GET"]}}],"collection":[{"href":"https:\/\/agora.xtec.cat\/ceipelsametllers\/wp-json\/wp\/v2\/posts"}],"about":[{"href":"https:\/\/agora.xtec.cat\/ceipelsametllers\/wp-json\/wp\/v2\/types\/post"}],"author":[{"embeddable":true,"href":"https:\/\/agora.xtec.cat\/ceipelsametllers\/wp-json\/wp\/v2\/users\/1"}],"replies":[{"embeddable":true,"href":"https:\/\/agora.xtec.cat\/ceipelsametllers\/wp-json\/wp\/v2\/comments?post=596"}],"version-history":[{"count":0,"href":"https:\/\/agora.xtec.cat\/ceipelsametllers\/wp-json\/wp\/v2\/posts\/596\/revisions"}],"wp:attachment":[{"href":"https:\/\/agora.xtec.cat\/ceipelsametllers\/wp-json\/wp\/v2\/media?parent=596"}],"wp:term":[{"taxonomy":"category","embeddable":true,"href":"https:\/\/agora.xtec.cat\/ceipelsametllers\/wp-json\/wp\/v2\/categories?post=596"},{"taxonomy":"post_tag","embeddable":true,"href":"https:\/\/agora.xtec.cat\/ceipelsametllers\/wp-json\/wp\/v2\/tags?post=596"}],"curies":[{"name":"wp","href":"https:\/\/api.w.org\/{rel}","templated":true}]}}