{"id":593,"date":"2013-02-26T15:30:00","date_gmt":"2013-02-26T14:30:00","guid":{"rendered":"http:\/\/agora.xtec.cat\/ceipelsametllers\/general\/el-protagonista-dels-contes-jorgina-collado\/"},"modified":"2013-02-26T15:30:00","modified_gmt":"2013-02-26T14:30:00","slug":"el-protagonista-dels-contes-jorgina-collado","status":"publish","type":"post","link":"https:\/\/agora.xtec.cat\/ceipelsametllers\/infantil\/i5\/el-protagonista-dels-contes-jorgina-collado\/","title":{"rendered":"El Protagonista dels Contes: Jorgina Collado"},"content":{"rendered":"<div style=\"text-align: justify;\">Avui ha estat la Protagonista dels Contes la Jorgina Collado. En aquesta ocasi\u00f3 la Jorgina s&#8217;ha inventat un conte que la seva mare ens anava explicant mentre ella ens feia la representaci\u00f3 amb unes titelles fetes per ella.<\/div>\n<div style=\"border-bottom: medium none; border-left: medium none; border-right: medium none; border-top: medium none; text-align: justify;\"><\/div>\n<div style=\"border-bottom: medium none; border-left: medium none; border-right: medium none; border-top: medium none; text-align: justify;\"><a href=\"http:\/\/2.bp.blogspot.com\/-L2oyIsLG4O4\/USzFlEq-HrI\/AAAAAAAACZY\/KsSwRndr0fM\/s1600\/P2260151+%255B800x600%255D.jpg\" style=\"clear: left; cssfloat: left; float: left; margin-bottom: 1em; margin-right: 1em;\"><img loading=\"lazy\" decoding=\"async\" border=\"0\" gsa=\"true\" height=\"240\" src=\"http:\/\/2.bp.blogspot.com\/-L2oyIsLG4O4\/USzFlEq-HrI\/AAAAAAAACZY\/KsSwRndr0fM\/s320\/P2260151+%255B800x600%255D.jpg\" width=\"320\" \/><\/a>Ha estat una hist\u00f2ria molt original!<\/div>\n<div style=\"border-bottom: medium none; border-left: medium none; border-right: medium none; border-top: medium none; text-align: justify;\">En acabar ens ha donat per pintar dibuixos dels seus personatges i ens han regalat les titelles per tenir-les a la classe i poder jugar amb elles quan volguem.<\/div>\n<div style=\"border-bottom: medium none; border-left: medium none; border-right: medium none; border-top: medium none; text-align: justify;\">A l&#8217;estona que ens quedava fins que son\u00e9s la m\u00fasica per marxar ens hem assegut tots a terra i ens hem anat passant un llibre inventant-nos cadasc\u00fa una frase per fer una hist\u00f2ria que \u00e9s un joc que fa la Jorgina a casa seva.<\/div>\n<div style=\"border-bottom: medium none; border-left: medium none; border-right: medium none; border-top: medium none; text-align: justify;\"><\/div>\n<div style=\"border-bottom: medium none; border-left: medium none; border-right: medium none; border-top: medium none; text-align: justify;\">Podeu veure m\u00e9s fotos a <a href=\"https:\/\/picasaweb.google.com\/101069051287243885876\/ProtagonistaContesJorginaCollado?authuser=0&amp;feat=directlink\" target=\"_blank\"><span style=\"color: yellow;\">Picasa<\/span><\/a><\/div>\n","protected":false},"excerpt":{"rendered":"<p>Avui ha estat la Protagonista dels Contes la Jorgina Collado. En aquesta ocasi\u00f3 la Jorgina s&#8217;ha inventat un conte que la seva mare ens anava explicant mentre ella ens feia la representaci\u00f3 amb unes titelles fetes per ella.<\/p>\n<p><a href=\"http:\/\/2.bp.blogspot.com\/-L2oyIsLG4O4\/USzFlEq-HrI\/AAAAAAAACZY\/KsSwRndr0fM\/s1600\/P2260151+%255B800x600%255D.jpg\" style=\"clear: left; cssfloat: left; float: left;&hellip;  <a href=\"https:\/\/agora.xtec.cat\/ceipelsametllers\/infantil\/i5\/el-protagonista-dels-contes-jorgina-collado\/\" title=\"Read El Protagonista dels Contes: Jorgina Collado\">Llegeix m\u00e9s\u00bb<\/a><\/p>\n","protected":false},"author":1,"featured_media":0,"comment_status":"open","ping_status":"open","sticky":false,"template":"","format":"standard","meta":{"_bbp_topic_count":0,"_bbp_reply_count":0,"_bbp_total_topic_count":0,"_bbp_total_reply_count":0,"_bbp_voice_count":0,"_bbp_anonymous_reply_count":0,"_bbp_topic_count_hidden":0,"_bbp_reply_count_hidden":0,"_bbp_forum_subforum_count":0,"footnotes":""},"categories":[9],"tags":[],"class_list":["post-593","post","type-post","status-publish","format-standard","hentry","category-i5"],"post_mailing_queue_ids":[],"_links":{"self":[{"href":"https:\/\/agora.xtec.cat\/ceipelsametllers\/wp-json\/wp\/v2\/posts\/593","targetHints":{"allow":["GET"]}}],"collection":[{"href":"https:\/\/agora.xtec.cat\/ceipelsametllers\/wp-json\/wp\/v2\/posts"}],"about":[{"href":"https:\/\/agora.xtec.cat\/ceipelsametllers\/wp-json\/wp\/v2\/types\/post"}],"author":[{"embeddable":true,"href":"https:\/\/agora.xtec.cat\/ceipelsametllers\/wp-json\/wp\/v2\/users\/1"}],"replies":[{"embeddable":true,"href":"https:\/\/agora.xtec.cat\/ceipelsametllers\/wp-json\/wp\/v2\/comments?post=593"}],"version-history":[{"count":0,"href":"https:\/\/agora.xtec.cat\/ceipelsametllers\/wp-json\/wp\/v2\/posts\/593\/revisions"}],"wp:attachment":[{"href":"https:\/\/agora.xtec.cat\/ceipelsametllers\/wp-json\/wp\/v2\/media?parent=593"}],"wp:term":[{"taxonomy":"category","embeddable":true,"href":"https:\/\/agora.xtec.cat\/ceipelsametllers\/wp-json\/wp\/v2\/categories?post=593"},{"taxonomy":"post_tag","embeddable":true,"href":"https:\/\/agora.xtec.cat\/ceipelsametllers\/wp-json\/wp\/v2\/tags?post=593"}],"curies":[{"name":"wp","href":"https:\/\/api.w.org\/{rel}","templated":true}]}}