{"id":591,"date":"2013-02-27T21:58:00","date_gmt":"2013-02-27T20:58:00","guid":{"rendered":"http:\/\/agora.xtec.cat\/ceipelsametllers\/general\/p3-la-tardor-octubre-i-novembre\/"},"modified":"2013-02-27T21:58:00","modified_gmt":"2013-02-27T20:58:00","slug":"p3-la-tardor-octubre-i-novembre","status":"publish","type":"post","link":"https:\/\/agora.xtec.cat\/ceipelsametllers\/infantil\/i3\/p3-la-tardor-octubre-i-novembre\/","title":{"rendered":"P3 La tardor&#8230;(octubre i novembre)"},"content":{"rendered":"<p><span style=\"background-color: #f1c232;\"><span style=\"font-family: Verdana, sans-serif;\">Bona niiiiiit!! Aqu\u00ed unes fotos de la Tardor&#8230;alguns aniversaris, moltes sessions de psico (imitant animals, jugant amb les peces grans&#8230;), van venir uns bombers! amb un cami\u00f3 que tenia unes mangueres molt grans i hi sortia molta aigua. Amb els nens i nenes de P5 vam decorar el passad\u00eds amb fulles pintades amb esp\u00e8cies&#8230;i les mans se&#8217;ns van quedar grogues! les mans, i el nas&#8230;i la boca&#8230;Tamb\u00e9 vam fer s\u00e8ries amb fruits de la tardor, &nbsp;vam tocar instruments a m\u00fasica. Vam observar cargols i cargolins, vam fer maced\u00f2nia de la tardor i vam tastar moltes fruites i fruits secs, vam &nbsp;pintar amb els colors de la tardor, vam estampar bolets, i vam celebrar la festa de la castanyada, fent panellets, menjant castanyes i disfressant-nos de castanyers i castanyeres! Esperem que us agradin!<a href=\"https:\/\/picasaweb.google.com\/101069051287243885876\/LaTardorAP3\" target=\"_blank\">Fotos de la Tardor!<\/a><\/span><\/span><\/p>\n","protected":false},"excerpt":{"rendered":"<p>Bona niiiiiit!! Aqu\u00ed unes fotos de la Tardor&#8230;alguns aniversaris, moltes sessions de psico (imitant animals, jugant amb les peces grans&#8230;), van venir uns bombers! amb un cami\u00f3 que tenia unes mangueres molt grans i hi sortia molta aigua. Amb els nens i nenes de P5&hellip;  <a href=\"https:\/\/agora.xtec.cat\/ceipelsametllers\/infantil\/i3\/p3-la-tardor-octubre-i-novembre\/\" title=\"Read P3 La tardor&#8230;(octubre i novembre)\">Llegeix m\u00e9s\u00bb<\/a><\/p>\n","protected":false},"author":1,"featured_media":0,"comment_status":"open","ping_status":"open","sticky":false,"template":"","format":"standard","meta":{"_bbp_topic_count":0,"_bbp_reply_count":0,"_bbp_total_topic_count":0,"_bbp_total_reply_count":0,"_bbp_voice_count":0,"_bbp_anonymous_reply_count":0,"_bbp_topic_count_hidden":0,"_bbp_reply_count_hidden":0,"_bbp_forum_subforum_count":0,"footnotes":""},"categories":[3],"tags":[],"class_list":["post-591","post","type-post","status-publish","format-standard","hentry","category-i3"],"post_mailing_queue_ids":[],"_links":{"self":[{"href":"https:\/\/agora.xtec.cat\/ceipelsametllers\/wp-json\/wp\/v2\/posts\/591","targetHints":{"allow":["GET"]}}],"collection":[{"href":"https:\/\/agora.xtec.cat\/ceipelsametllers\/wp-json\/wp\/v2\/posts"}],"about":[{"href":"https:\/\/agora.xtec.cat\/ceipelsametllers\/wp-json\/wp\/v2\/types\/post"}],"author":[{"embeddable":true,"href":"https:\/\/agora.xtec.cat\/ceipelsametllers\/wp-json\/wp\/v2\/users\/1"}],"replies":[{"embeddable":true,"href":"https:\/\/agora.xtec.cat\/ceipelsametllers\/wp-json\/wp\/v2\/comments?post=591"}],"version-history":[{"count":0,"href":"https:\/\/agora.xtec.cat\/ceipelsametllers\/wp-json\/wp\/v2\/posts\/591\/revisions"}],"wp:attachment":[{"href":"https:\/\/agora.xtec.cat\/ceipelsametllers\/wp-json\/wp\/v2\/media?parent=591"}],"wp:term":[{"taxonomy":"category","embeddable":true,"href":"https:\/\/agora.xtec.cat\/ceipelsametllers\/wp-json\/wp\/v2\/categories?post=591"},{"taxonomy":"post_tag","embeddable":true,"href":"https:\/\/agora.xtec.cat\/ceipelsametllers\/wp-json\/wp\/v2\/tags?post=591"}],"curies":[{"name":"wp","href":"https:\/\/api.w.org\/{rel}","templated":true}]}}