{"id":590,"date":"2013-02-27T22:45:00","date_gmt":"2013-02-27T21:45:00","guid":{"rendered":"http:\/\/agora.xtec.cat\/ceipelsametllers\/general\/desembre-2012-p3-les-cabretes-i-el-llop\/"},"modified":"2013-02-27T22:45:00","modified_gmt":"2013-02-27T21:45:00","slug":"desembre-2012-p3-les-cabretes-i-el-llop","status":"publish","type":"post","link":"https:\/\/agora.xtec.cat\/ceipelsametllers\/infantil\/i3\/desembre-2012-p3-les-cabretes-i-el-llop\/","title":{"rendered":"Desembre 2012! P3 Les cabretes i el llop&#8230;"},"content":{"rendered":"<div style=\"text-align: center;\"><span style=\"background-color: #f6b26b; font-family: Verdana, sans-serif;\">M\u00e9s fotos! i ja ens posem al dia! En aquest \u00e0lbum podeu trobar la ra\u00f2 per la qual els nens i nenes de la classe de les 7 cabretes porten les sabates de colorins! \u00c9s clar que s\u00ed! La nostra gran obra d&#8217;art! Amb 3 anyets ja vam fer una genial imitaci\u00f3 al gran pintor Pollock! S&#8217;ho van passar pipa! M\u00e9s aniversaris, i la nostra visita i petit estudi de l&#8217;ametller de l&#8217;escola. Una sessi\u00f3 de psico que els va encantar, jugar amb papers de diari, tot el terra estava cobert i s&#8217;arrossegaven i es tiraven papers pel cap, vam acabar tots pintats de color negre&#8230;I no podien faltar les fotos de les felicitacions de nadal&#8230; estan guap\u00edssims! I finalment, la petita sortida a veure el pessebre de la Guada! Era molt bonic, sobretot les pedretes del terra magn\u00edficament posades, i que tant ens va agradar xafar-les amb els dits&#8230; a la Guada crec que no li va agradar tant&#8230;Esperem que us agradin!&nbsp;<a href=\"https:\/\/picasaweb.google.com\/101069051287243885876\/Desembre2012P3\" target=\"_blank\">Fotos desembre<\/a><\/span><\/div>\n","protected":false},"excerpt":{"rendered":"<p>M\u00e9s fotos! i ja ens posem al dia! En aquest \u00e0lbum podeu trobar la ra\u00f2 per la qual els nens i nenes de la classe de les 7 cabretes porten les sabates de colorins! \u00c9s clar que s\u00ed! La nostra gran obra d&#8217;art! Amb 3&hellip;  <a href=\"https:\/\/agora.xtec.cat\/ceipelsametllers\/infantil\/i3\/desembre-2012-p3-les-cabretes-i-el-llop\/\" title=\"Read Desembre 2012! P3 Les cabretes i el llop&#8230;\">Llegeix m\u00e9s\u00bb<\/a><\/p>\n","protected":false},"author":1,"featured_media":0,"comment_status":"open","ping_status":"open","sticky":false,"template":"","format":"standard","meta":{"_bbp_topic_count":0,"_bbp_reply_count":0,"_bbp_total_topic_count":0,"_bbp_total_reply_count":0,"_bbp_voice_count":0,"_bbp_anonymous_reply_count":0,"_bbp_topic_count_hidden":0,"_bbp_reply_count_hidden":0,"_bbp_forum_subforum_count":0,"footnotes":""},"categories":[3],"tags":[],"class_list":["post-590","post","type-post","status-publish","format-standard","hentry","category-i3"],"post_mailing_queue_ids":[],"_links":{"self":[{"href":"https:\/\/agora.xtec.cat\/ceipelsametllers\/wp-json\/wp\/v2\/posts\/590","targetHints":{"allow":["GET"]}}],"collection":[{"href":"https:\/\/agora.xtec.cat\/ceipelsametllers\/wp-json\/wp\/v2\/posts"}],"about":[{"href":"https:\/\/agora.xtec.cat\/ceipelsametllers\/wp-json\/wp\/v2\/types\/post"}],"author":[{"embeddable":true,"href":"https:\/\/agora.xtec.cat\/ceipelsametllers\/wp-json\/wp\/v2\/users\/1"}],"replies":[{"embeddable":true,"href":"https:\/\/agora.xtec.cat\/ceipelsametllers\/wp-json\/wp\/v2\/comments?post=590"}],"version-history":[{"count":0,"href":"https:\/\/agora.xtec.cat\/ceipelsametllers\/wp-json\/wp\/v2\/posts\/590\/revisions"}],"wp:attachment":[{"href":"https:\/\/agora.xtec.cat\/ceipelsametllers\/wp-json\/wp\/v2\/media?parent=590"}],"wp:term":[{"taxonomy":"category","embeddable":true,"href":"https:\/\/agora.xtec.cat\/ceipelsametllers\/wp-json\/wp\/v2\/categories?post=590"},{"taxonomy":"post_tag","embeddable":true,"href":"https:\/\/agora.xtec.cat\/ceipelsametllers\/wp-json\/wp\/v2\/tags?post=590"}],"curies":[{"name":"wp","href":"https:\/\/api.w.org\/{rel}","templated":true}]}}