{"id":589,"date":"2013-02-27T23:13:00","date_gmt":"2013-02-27T22:13:00","guid":{"rendered":"http:\/\/agora.xtec.cat\/ceipelsametllers\/general\/gener-i-febrer-i-ja-esta\/"},"modified":"2013-02-27T23:13:00","modified_gmt":"2013-02-27T22:13:00","slug":"gener-i-febrer-i-ja-esta","status":"publish","type":"post","link":"https:\/\/agora.xtec.cat\/ceipelsametllers\/infantil\/i3\/gener-i-febrer-i-ja-esta\/","title":{"rendered":"Gener i Febrer i ja est\u00e0!"},"content":{"rendered":"<div style=\"text-align: center;\"><span style=\"background-color: #93c47d; font-family: Verdana, sans-serif;\">Fiiiiiiiiiinalment i per posar-nos al dia de les sessions fotogr\u00e0fiques (ja tenim un estil fant\u00e0stic davant les c\u00e0meres&#8230;) Us deixem amb un &#8220;book&#8221; d&#8217;aquests \u00faltims dies. Podreu observar a les cabretes i els llops fent un &nbsp;macromural amb gomets i ceres d&#8217;estil lliure, experimentant amb flocs de gel per esbrinar de qu\u00e8 estan fets els ninots de neu, fent d&#8217;artistes amb una mica de cola, escuma d&#8217;afaitar i uns pinzells, amb els que vam elaborar uns magn\u00edfics ninots per decorar la classe. I una vegada m\u00e9s, marranejant, ai! no&#8230;fent d&#8217;artistes amb pintura i pintant amb papers arrugats, aix\u00ed vam fer que a la classe hi hagu\u00e9s uns n\u00favols que donen una sensaci\u00f3 hivernal molt maca! Hi ha fotos tamb\u00e9 de quan vam tornar de l&#8217;excursi\u00f3 als Garrofers, que l&#8217;Anna ens va explicar un conte, i per poc ens quedem tots adormits al terra! No perqu\u00e8 el conte fos avorrit&#8230;es que est\u00e0vem tan cansats&#8230;Les \u00faltimes fotos s\u00f3n de la nostra primera experi\u00e8ncia amb els ordinadors, que ens va agradar molt, l&#8217;arribada de la Vella Quaresma, una senyora prima i que no li agrada gaire la gresca. La visita setmanal a la biblioteca, a m\u00e9s en aquesta ocasi\u00f3 vam canviar els llibres de la nostra biblioteca de l&#8217;aula i cada nen\/a va poder escollir-ne un per portar-lo a la classe. I per acabar la sessi\u00f3 de psico d&#8217;avui, en la que hem fet tombarelles, tot i que no hi ha cap foto, perqu\u00e8 l&#8217;Anna i jo est\u00e0vem enfeinades ajudant als petits a fer-les! Quan n&#8217;aprenguin a fer-les sols us les ensenyarem!&nbsp;<a href=\"https:\/\/picasaweb.google.com\/101069051287243885876\/GenerIFebrerIJaEsta\" target=\"_blank\">Fotosgenerfebrer!<\/a><\/span><\/div>\n","protected":false},"excerpt":{"rendered":"<p>Fiiiiiiiiiinalment i per posar-nos al dia de les sessions fotogr\u00e0fiques (ja tenim un estil fant\u00e0stic davant les c\u00e0meres&#8230;) Us deixem amb un &#8220;book&#8221; d&#8217;aquests \u00faltims dies. Podreu observar a les cabretes i els llops fent un &nbsp;macromural amb gomets i ceres d&#8217;estil lliure, experimentant amb&hellip;  <a href=\"https:\/\/agora.xtec.cat\/ceipelsametllers\/infantil\/i3\/gener-i-febrer-i-ja-esta\/\" title=\"Read Gener i Febrer i ja est\u00e0!\">Llegeix m\u00e9s\u00bb<\/a><\/p>\n","protected":false},"author":1,"featured_media":0,"comment_status":"open","ping_status":"open","sticky":false,"template":"","format":"standard","meta":{"_bbp_topic_count":0,"_bbp_reply_count":0,"_bbp_total_topic_count":0,"_bbp_total_reply_count":0,"_bbp_voice_count":0,"_bbp_anonymous_reply_count":0,"_bbp_topic_count_hidden":0,"_bbp_reply_count_hidden":0,"_bbp_forum_subforum_count":0,"footnotes":""},"categories":[3],"tags":[],"class_list":["post-589","post","type-post","status-publish","format-standard","hentry","category-i3"],"post_mailing_queue_ids":[],"_links":{"self":[{"href":"https:\/\/agora.xtec.cat\/ceipelsametllers\/wp-json\/wp\/v2\/posts\/589","targetHints":{"allow":["GET"]}}],"collection":[{"href":"https:\/\/agora.xtec.cat\/ceipelsametllers\/wp-json\/wp\/v2\/posts"}],"about":[{"href":"https:\/\/agora.xtec.cat\/ceipelsametllers\/wp-json\/wp\/v2\/types\/post"}],"author":[{"embeddable":true,"href":"https:\/\/agora.xtec.cat\/ceipelsametllers\/wp-json\/wp\/v2\/users\/1"}],"replies":[{"embeddable":true,"href":"https:\/\/agora.xtec.cat\/ceipelsametllers\/wp-json\/wp\/v2\/comments?post=589"}],"version-history":[{"count":0,"href":"https:\/\/agora.xtec.cat\/ceipelsametllers\/wp-json\/wp\/v2\/posts\/589\/revisions"}],"wp:attachment":[{"href":"https:\/\/agora.xtec.cat\/ceipelsametllers\/wp-json\/wp\/v2\/media?parent=589"}],"wp:term":[{"taxonomy":"category","embeddable":true,"href":"https:\/\/agora.xtec.cat\/ceipelsametllers\/wp-json\/wp\/v2\/categories?post=589"},{"taxonomy":"post_tag","embeddable":true,"href":"https:\/\/agora.xtec.cat\/ceipelsametllers\/wp-json\/wp\/v2\/tags?post=589"}],"curies":[{"name":"wp","href":"https:\/\/api.w.org\/{rel}","templated":true}]}}