{"id":583,"date":"2013-04-06T21:40:00","date_gmt":"2013-04-06T20:40:00","guid":{"rendered":"http:\/\/agora.xtec.cat\/ceipelsametllers\/general\/la-mona-de-pasqua-de-p5\/"},"modified":"2013-04-06T21:40:00","modified_gmt":"2013-04-06T20:40:00","slug":"la-mona-de-pasqua-de-p5","status":"publish","type":"post","link":"https:\/\/agora.xtec.cat\/ceipelsametllers\/infantil\/i5\/la-mona-de-pasqua-de-p5\/","title":{"rendered":"La mona de pasqua de P5"},"content":{"rendered":"<div style=\"text-align: justify;\">La darrera setmana abans de setmana santa vam celebrar la setmana cultural per\u00f2 els nens i nenes d&#8217;infantil vam destinar el darrer dia a fer la nostra mona de pasqua per despr\u00e9s menjar-la per esmorzar. Aquesta va ser la mona que vam fer els nens i nenes de la classe dels 3 porquets (P5):<\/div>\n<div style=\"text-align: justify;\"><\/div>\n<div style=\"text-align: justify;\">\n<div style=\"clear: both; text-align: center;\"><a href=\"http:\/\/1.bp.blogspot.com\/-87xTaen01jg\/UWCKUUkQS2I\/AAAAAAAAEU0\/LLmvU_hKmtM\/s1600\/DSC02521.JPG\" style=\"margin-left: 1em; margin-right: 1em;\"><img loading=\"lazy\" decoding=\"async\" border=\"0\" height=\"320\" src=\"http:\/\/1.bp.blogspot.com\/-87xTaen01jg\/UWCKUUkQS2I\/AAAAAAAAEU0\/LLmvU_hKmtM\/s320\/DSC02521.JPG\" width=\"240\" \/><\/a><\/div>\n<\/div>\n<div style=\"text-align: justify;\"><\/div>\n<div style=\"text-align: justify;\"><\/div>\n<div style=\"text-align: justify;\">La recepta \u00e9s molt senzilla:<\/div>\n<div style=\"text-align: justify;\">Un coc comprat. El farcim per dins de nocilla. I per recobrir preparem una crema de mantega (buttercream) feta amb la mateixa quantitat de mantega i de sucre glas amb una mica d&#8217;aroma de vainilla que vam batre amb una batedora de dues varilles i li vam posar colorant alimentari de color verd. Recobrim una mica amb la crema i la resta la posem en una m\u00e0niga pastissera amb una<span style=\"background-color: #ffe599;\"><span style=\"color: yellow;\"> <a href=\"https:\/\/www.google.es\/search?q=boquilla+cesped&amp;hl=en&amp;client=firefox-a&amp;hs=Cuv&amp;rls=org.mozilla:es-ES:official&amp;tbm=isch&amp;tbo=u&amp;source=univ&amp;sa=X&amp;ei=34ZgUb64JoTG7AaGioDgBQ&amp;ved=0CDsQsAQ&amp;biw=1366&amp;bih=634#imgrc=_\" target=\"_blank\">boquilla de molts forats<\/a><\/span><\/span> per simular gespa. Vam posar tots els elements de xocolata i vam decorar amb fideus de colors i vam fer alguna floreta i papallona amb fondant de colors.<\/div>\n<div style=\"text-align: justify;\"><span style=\"background-color: #ffe599;\"><span style=\"color: purple;\"><a href=\"https:\/\/plus.google.com\/photos\/101069051287243885876\/albums\/5863832582863149121?authkey=CI7T3aSktpeXxgE\" target=\"_blank\">Aqu\u00ed ens podeu veure en ple proc\u00e9s d&#8217;elaboraci\u00f3.<\/a><\/span><\/span><\/div>\n<div style=\"text-align: justify;\">Aqu\u00ed ens teniu a tots contents amb la nostra mona abans de repartir-la per degustar-la!<\/div>\n<div style=\"clear: both; text-align: center;\"><a href=\"http:\/\/4.bp.blogspot.com\/-v9xn90MY2R8\/UWCKQVV5gdI\/AAAAAAAAEUk\/LPErdGWjxkc\/s1600\/DSC02519.JPG\" style=\"margin-left: 1em; margin-right: 1em;\"><img loading=\"lazy\" decoding=\"async\" border=\"0\" height=\"300\" src=\"http:\/\/4.bp.blogspot.com\/-v9xn90MY2R8\/UWCKQVV5gdI\/AAAAAAAAEUk\/LPErdGWjxkc\/s400\/DSC02519.JPG\" width=\"400\" \/><\/a><\/div>\n<p><\/p>\n","protected":false},"excerpt":{"rendered":"<p>La darrera setmana abans de setmana santa vam celebrar la setmana cultural per\u00f2 els nens i nenes d&#8217;infantil vam destinar el darrer dia a fer la nostra mona de pasqua per despr\u00e9s menjar-la per esmorzar. Aquesta va ser la mona que vam fer els nens&hellip;  <a href=\"https:\/\/agora.xtec.cat\/ceipelsametllers\/infantil\/i5\/la-mona-de-pasqua-de-p5\/\" title=\"Read La mona de pasqua de P5\">Llegeix m\u00e9s\u00bb<\/a><\/p>\n","protected":false},"author":1,"featured_media":0,"comment_status":"open","ping_status":"open","sticky":false,"template":"","format":"standard","meta":{"_bbp_topic_count":0,"_bbp_reply_count":0,"_bbp_total_topic_count":0,"_bbp_total_reply_count":0,"_bbp_voice_count":0,"_bbp_anonymous_reply_count":0,"_bbp_topic_count_hidden":0,"_bbp_reply_count_hidden":0,"_bbp_forum_subforum_count":0,"footnotes":""},"categories":[9],"tags":[],"class_list":["post-583","post","type-post","status-publish","format-standard","hentry","category-i5"],"post_mailing_queue_ids":[],"_links":{"self":[{"href":"https:\/\/agora.xtec.cat\/ceipelsametllers\/wp-json\/wp\/v2\/posts\/583","targetHints":{"allow":["GET"]}}],"collection":[{"href":"https:\/\/agora.xtec.cat\/ceipelsametllers\/wp-json\/wp\/v2\/posts"}],"about":[{"href":"https:\/\/agora.xtec.cat\/ceipelsametllers\/wp-json\/wp\/v2\/types\/post"}],"author":[{"embeddable":true,"href":"https:\/\/agora.xtec.cat\/ceipelsametllers\/wp-json\/wp\/v2\/users\/1"}],"replies":[{"embeddable":true,"href":"https:\/\/agora.xtec.cat\/ceipelsametllers\/wp-json\/wp\/v2\/comments?post=583"}],"version-history":[{"count":0,"href":"https:\/\/agora.xtec.cat\/ceipelsametllers\/wp-json\/wp\/v2\/posts\/583\/revisions"}],"wp:attachment":[{"href":"https:\/\/agora.xtec.cat\/ceipelsametllers\/wp-json\/wp\/v2\/media?parent=583"}],"wp:term":[{"taxonomy":"category","embeddable":true,"href":"https:\/\/agora.xtec.cat\/ceipelsametllers\/wp-json\/wp\/v2\/categories?post=583"},{"taxonomy":"post_tag","embeddable":true,"href":"https:\/\/agora.xtec.cat\/ceipelsametllers\/wp-json\/wp\/v2\/tags?post=583"}],"curies":[{"name":"wp","href":"https:\/\/api.w.org\/{rel}","templated":true}]}}