{"id":582,"date":"2013-04-16T13:01:00","date_gmt":"2013-04-16T12:01:00","guid":{"rendered":"http:\/\/agora.xtec.cat\/ceipelsametllers\/general\/setmana-cultural\/"},"modified":"2013-04-16T13:01:00","modified_gmt":"2013-04-16T12:01:00","slug":"setmana-cultural","status":"publish","type":"post","link":"https:\/\/agora.xtec.cat\/ceipelsametllers\/infantil\/i3\/setmana-cultural\/","title":{"rendered":"SETMANA CULTURAL"},"content":{"rendered":"<p>Enguany la setmana cultural de la nostra escola ha estat centrada en els contes. Va ser una setmana molt i interessant i &nbsp;divertida. On&nbsp;els alumnes, pares, mares i mestres vam gaudir molt i ens ho vam passar d&#8217; all\u00f2 m\u00e9s b\u00e9. <br \/>Durant els matins vam realitzar diversos tallers: El peix irisat, trivial dels contes, taller de maquillatge, joc de rol, parts del conte, una oca dels contes, creaci\u00f3 de personatges, dramatitzaci\u00f3, il\u00b7lustraci\u00f3 de contes, etc. <\/p>\n<p>A la tarda, vam realitzar activitats diverses,&nbsp;algunes realitzades per pares de l&#8217;escola i altres per diferents institucions, com la Biblioteca de Torredembarra.<\/p>\n<p>L&#8217;\u00faltim dia es va fer una exposici\u00f3 on tots els nens i pares van poder gaudir dels treballs realitzats.<\/p>\n<p>Us mostrem un recull de fotos les diferents activitats, esperem que us agradi.<br \/><a href=\"https:\/\/plus.google.com\/photos\/101069051287243885876\/albums?banner=pwa&amp;gpsrc=pwrd1#photos\/101069051287243885876\/albums\/5867411353937914497\" target=\"_blank\">MIREU!!!!<\/a><\/p>\n","protected":false},"excerpt":{"rendered":"<p>Enguany la setmana cultural de la nostra escola ha estat centrada en els contes. Va ser una setmana molt i interessant i &nbsp;divertida. On&nbsp;els alumnes, pares, mares i mestres vam gaudir molt i ens ho vam passar d&#8217; all\u00f2 m\u00e9s b\u00e9. Durant els matins vam&hellip;  <a href=\"https:\/\/agora.xtec.cat\/ceipelsametllers\/infantil\/i3\/setmana-cultural\/\" title=\"Read SETMANA CULTURAL\">Llegeix m\u00e9s\u00bb<\/a><\/p>\n","protected":false},"author":1,"featured_media":0,"comment_status":"open","ping_status":"open","sticky":false,"template":"","format":"standard","meta":{"_bbp_topic_count":0,"_bbp_reply_count":0,"_bbp_total_topic_count":0,"_bbp_total_reply_count":0,"_bbp_voice_count":0,"_bbp_anonymous_reply_count":0,"_bbp_topic_count_hidden":0,"_bbp_reply_count_hidden":0,"_bbp_forum_subforum_count":0,"footnotes":""},"categories":[10,11,12,13,14,15,3,8,9],"tags":[],"class_list":["post-582","post","type-post","status-publish","format-standard","hentry","category-1r","category-2n","category-3r","category-4t","category-5e","category-6e","category-i3","category-i4","category-i5"],"post_mailing_queue_ids":[],"_links":{"self":[{"href":"https:\/\/agora.xtec.cat\/ceipelsametllers\/wp-json\/wp\/v2\/posts\/582","targetHints":{"allow":["GET"]}}],"collection":[{"href":"https:\/\/agora.xtec.cat\/ceipelsametllers\/wp-json\/wp\/v2\/posts"}],"about":[{"href":"https:\/\/agora.xtec.cat\/ceipelsametllers\/wp-json\/wp\/v2\/types\/post"}],"author":[{"embeddable":true,"href":"https:\/\/agora.xtec.cat\/ceipelsametllers\/wp-json\/wp\/v2\/users\/1"}],"replies":[{"embeddable":true,"href":"https:\/\/agora.xtec.cat\/ceipelsametllers\/wp-json\/wp\/v2\/comments?post=582"}],"version-history":[{"count":0,"href":"https:\/\/agora.xtec.cat\/ceipelsametllers\/wp-json\/wp\/v2\/posts\/582\/revisions"}],"wp:attachment":[{"href":"https:\/\/agora.xtec.cat\/ceipelsametllers\/wp-json\/wp\/v2\/media?parent=582"}],"wp:term":[{"taxonomy":"category","embeddable":true,"href":"https:\/\/agora.xtec.cat\/ceipelsametllers\/wp-json\/wp\/v2\/categories?post=582"},{"taxonomy":"post_tag","embeddable":true,"href":"https:\/\/agora.xtec.cat\/ceipelsametllers\/wp-json\/wp\/v2\/tags?post=582"}],"curies":[{"name":"wp","href":"https:\/\/api.w.org\/{rel}","templated":true}]}}