{"id":581,"date":"2013-04-16T16:30:00","date_gmt":"2013-04-16T15:30:00","guid":{"rendered":"http:\/\/agora.xtec.cat\/ceipelsametllers\/general\/presentacio-de-lauca-del-baix-gaia\/"},"modified":"2013-04-16T16:30:00","modified_gmt":"2013-04-16T15:30:00","slug":"presentacio-de-lauca-del-baix-gaia","status":"publish","type":"post","link":"https:\/\/agora.xtec.cat\/ceipelsametllers\/primaria\/6e\/presentacio-de-lauca-del-baix-gaia\/","title":{"rendered":"PRESENTACI\u00d3 DE L&#8217;AUCA DEL BAIX GAI\u00c0"},"content":{"rendered":"<p>Aquesta tarda ens han presentat, per part del Consorci Tur\u00edstic del Baix Gai\u00e0, l&#8217;auca del Baix Gai\u00e0 als alumnes de sis\u00e8. En aquesta es fa refer\u00e8ncia a diferents monuments i llocs d&#8217;inter\u00e8s de les les poblacions del Baix Gai\u00e0.<\/p>\n<p>La presentaci\u00f3 ha estat a c\u00e0rrec de Jo<span><\/span><span><\/span>rdi Rius i Jove, autor de l&#8217;auca. <br \/><a href=\"https:\/\/plus.google.com\/photos\/101069051287243885876\/albums\/5867466920568787313\" target=\"_blank\">FOTOS<\/a><\/p>\n","protected":false},"excerpt":{"rendered":"<p>Aquesta tarda ens han presentat, per part del Consorci Tur\u00edstic del Baix Gai\u00e0, l&#8217;auca del Baix Gai\u00e0 als alumnes de sis\u00e8. En aquesta es fa refer\u00e8ncia a diferents monuments i llocs d&#8217;inter\u00e8s de les les poblacions del Baix Gai\u00e0.<br \/>\nLa presentaci\u00f3 ha estat a c\u00e0rrec de&hellip;  <a href=\"https:\/\/agora.xtec.cat\/ceipelsametllers\/primaria\/6e\/presentacio-de-lauca-del-baix-gaia\/\" title=\"Read PRESENTACI\u00d3 DE L&#8217;AUCA DEL BAIX GAI\u00c0\">Llegeix m\u00e9s\u00bb<\/a><\/p>\n","protected":false},"author":1,"featured_media":0,"comment_status":"open","ping_status":"open","sticky":false,"template":"","format":"standard","meta":{"_bbp_topic_count":0,"_bbp_reply_count":0,"_bbp_total_topic_count":0,"_bbp_total_reply_count":0,"_bbp_voice_count":0,"_bbp_anonymous_reply_count":0,"_bbp_topic_count_hidden":0,"_bbp_reply_count_hidden":0,"_bbp_forum_subforum_count":0,"footnotes":""},"categories":[15],"tags":[],"class_list":["post-581","post","type-post","status-publish","format-standard","hentry","category-6e"],"post_mailing_queue_ids":[],"_links":{"self":[{"href":"https:\/\/agora.xtec.cat\/ceipelsametllers\/wp-json\/wp\/v2\/posts\/581","targetHints":{"allow":["GET"]}}],"collection":[{"href":"https:\/\/agora.xtec.cat\/ceipelsametllers\/wp-json\/wp\/v2\/posts"}],"about":[{"href":"https:\/\/agora.xtec.cat\/ceipelsametllers\/wp-json\/wp\/v2\/types\/post"}],"author":[{"embeddable":true,"href":"https:\/\/agora.xtec.cat\/ceipelsametllers\/wp-json\/wp\/v2\/users\/1"}],"replies":[{"embeddable":true,"href":"https:\/\/agora.xtec.cat\/ceipelsametllers\/wp-json\/wp\/v2\/comments?post=581"}],"version-history":[{"count":0,"href":"https:\/\/agora.xtec.cat\/ceipelsametllers\/wp-json\/wp\/v2\/posts\/581\/revisions"}],"wp:attachment":[{"href":"https:\/\/agora.xtec.cat\/ceipelsametllers\/wp-json\/wp\/v2\/media?parent=581"}],"wp:term":[{"taxonomy":"category","embeddable":true,"href":"https:\/\/agora.xtec.cat\/ceipelsametllers\/wp-json\/wp\/v2\/categories?post=581"},{"taxonomy":"post_tag","embeddable":true,"href":"https:\/\/agora.xtec.cat\/ceipelsametllers\/wp-json\/wp\/v2\/tags?post=581"}],"curies":[{"name":"wp","href":"https:\/\/api.w.org\/{rel}","templated":true}]}}