{"id":577,"date":"2013-05-14T15:47:00","date_gmt":"2013-05-14T14:47:00","guid":{"rendered":"http:\/\/agora.xtec.cat\/ceipelsametllers\/general\/protagonistes-de-contes-de-p5\/"},"modified":"2013-05-14T15:47:00","modified_gmt":"2013-05-14T14:47:00","slug":"protagonistes-de-contes-de-p5","status":"publish","type":"post","link":"https:\/\/agora.xtec.cat\/ceipelsametllers\/infantil\/i5\/protagonistes-de-contes-de-p5\/","title":{"rendered":"Protagonistes de contes de P5"},"content":{"rendered":"<div style=\"text-align: justify;\">Els nens i nenes de P5 continuem fent de Protagonistes dels Contes preparant amb la fam\u00edlia un conte per explicar als companys&nbsp;a classe.<\/div>\n<div style=\"text-align: justify;\"><\/div>\n<div style=\"text-align: justify;\">La&nbsp;X\u00e8nia&nbsp;ens va explicar el conte de &#8220;L&#8217;Aneguet lleig&#8221; mentre el seu pare ens anava ensenyant les il\u00b7lustracions. Despr\u00e9s vam fer una careta cadasc\u00fa i vam representar el conte tots junts.<\/div>\n<div style=\"text-align: justify;\"><\/div>\n<div style=\"clear: both; text-align: center;\"><a href=\"http:\/\/3.bp.blogspot.com\/-u2nLTKlpo2Y\/UZCXEgWLUcI\/AAAAAAAAElQ\/zUy3dvo2Q3o\/s1600\/P3150219+%255B800x600%255D.jpg\" style=\"margin-left: 1em; margin-right: 1em;\"><img loading=\"lazy\" decoding=\"async\" border=\"0\" height=\"300\" pua=\"true\" src=\"http:\/\/3.bp.blogspot.com\/-u2nLTKlpo2Y\/UZCXEgWLUcI\/AAAAAAAAElQ\/zUy3dvo2Q3o\/s400\/P3150219+%255B800x600%255D.jpg\" width=\"400\" \/><\/a><\/div>\n<div style=\"clear: both; text-align: center;\"><\/div>\n<div style=\"text-align: justify;\">El Lluc ens anava representant el conte de &#8220;El Timbaler del Bruc&#8221; mentra la seva mare ens anava narrant la hist\u00f2ria. Despr\u00e9s vam fer uns jocs que ens havia enviat el Timbaler.<\/div>\n<div style=\"text-align: justify;\"><\/div>\n<div style=\"clear: both; text-align: center;\"><a href=\"http:\/\/3.bp.blogspot.com\/-wvLV7v6bVCk\/UWPYrpQfR-I\/AAAAAAAAEWY\/crknd0aszg4\/s1600\/DSC02576.JPG\" style=\"margin-left: 1em; margin-right: 1em;\"><img loading=\"lazy\" decoding=\"async\" border=\"0\" height=\"300\" pua=\"true\" src=\"http:\/\/3.bp.blogspot.com\/-wvLV7v6bVCk\/UWPYrpQfR-I\/AAAAAAAAEWY\/crknd0aszg4\/s400\/DSC02576.JPG\" width=\"400\" \/><\/a><\/div>\n<div style=\"clear: both; text-align: center;\"><\/div>\n<div style=\"text-align: justify;\">L&#8217;Oscar representava els animals del conte de &#8220;La Rateta Presumida&#8221; (representada per la Carla) mentra la seva mare narrava el conte. Despr\u00e9s vam fer cadasc\u00fa una careta d&#8217;algun animal i vam representar el conte.<\/div>\n<div style=\"text-align: justify;\"><\/div>\n<div style=\"text-align: center;\"><a href=\"http:\/\/2.bp.blogspot.com\/-jDETBwzTvAY\/UZCYDYRJlVI\/AAAAAAAAEmw\/XTY8AUldAAM\/s1600\/P4250113+%255B800x600%255D.jpg\" style=\"margin-left: 1em; margin-right: 1em;\"><img loading=\"lazy\" decoding=\"async\" border=\"0\" height=\"300\" pua=\"true\" src=\"http:\/\/2.bp.blogspot.com\/-jDETBwzTvAY\/UZCYDYRJlVI\/AAAAAAAAEmw\/XTY8AUldAAM\/s400\/P4250113+%255B800x600%255D.jpg\" width=\"400\" \/><\/a><\/div>\n<div style=\"text-align: center;\"><\/div>\n<div style=\"text-align: justify;\">Aqu\u00ed podeu trobar m\u00e9s fotos de cadasc\u00fa dels Protagonistes:&nbsp; <span style=\"background-color: yellow;\"><a href=\"https:\/\/plus.google.com\/photos\/101069051287243885876\/albums\/5877363615989910593\" target=\"_blank\">X\u00e8nia<\/a><\/span>,&nbsp; <span style=\"background-color: red;\"><a href=\"https:\/\/plus.google.com\/photos\/101069051287243885876\/albums\/5864769349187565873\" target=\"_blank\">Lluc<\/a><\/span>,&nbsp; <span style=\"background-color: lime;\"><a href=\"https:\/\/plus.google.com\/photos\/101069051287243885876\/albums\/5877364662522661297\" target=\"_blank\">Oscar<\/a><\/span>.<\/div>\n<div style=\"text-align: justify;\"><\/div>\n<div style=\"text-align: justify;\">Aquest mes tamb\u00e9 han estat Protagonistes l&#8217;Elsa i el Pau. Properament us penjarem les fotos. <\/div>\n","protected":false},"excerpt":{"rendered":"<p>Els nens i nenes de P5 continuem fent de Protagonistes dels Contes preparant amb la fam\u00edlia un conte per explicar als companys&nbsp;a classe.<\/p>\n<p>La&nbsp;X\u00e8nia&nbsp;ens va explicar el conte de &#8220;L&#8217;Aneguet lleig&#8221; mentre el seu pare ens anava ensenyant les il\u00b7lustracions. Despr\u00e9s vam fer una careta cadasc\u00fa&hellip;  <a href=\"https:\/\/agora.xtec.cat\/ceipelsametllers\/infantil\/i5\/protagonistes-de-contes-de-p5\/\" title=\"Read Protagonistes de contes de P5\">Llegeix m\u00e9s\u00bb<\/a><\/p>\n","protected":false},"author":1,"featured_media":0,"comment_status":"open","ping_status":"open","sticky":false,"template":"","format":"standard","meta":{"_bbp_topic_count":0,"_bbp_reply_count":0,"_bbp_total_topic_count":0,"_bbp_total_reply_count":0,"_bbp_voice_count":0,"_bbp_anonymous_reply_count":0,"_bbp_topic_count_hidden":0,"_bbp_reply_count_hidden":0,"_bbp_forum_subforum_count":0,"footnotes":""},"categories":[9],"tags":[],"class_list":["post-577","post","type-post","status-publish","format-standard","hentry","category-i5"],"post_mailing_queue_ids":[],"_links":{"self":[{"href":"https:\/\/agora.xtec.cat\/ceipelsametllers\/wp-json\/wp\/v2\/posts\/577","targetHints":{"allow":["GET"]}}],"collection":[{"href":"https:\/\/agora.xtec.cat\/ceipelsametllers\/wp-json\/wp\/v2\/posts"}],"about":[{"href":"https:\/\/agora.xtec.cat\/ceipelsametllers\/wp-json\/wp\/v2\/types\/post"}],"author":[{"embeddable":true,"href":"https:\/\/agora.xtec.cat\/ceipelsametllers\/wp-json\/wp\/v2\/users\/1"}],"replies":[{"embeddable":true,"href":"https:\/\/agora.xtec.cat\/ceipelsametllers\/wp-json\/wp\/v2\/comments?post=577"}],"version-history":[{"count":0,"href":"https:\/\/agora.xtec.cat\/ceipelsametllers\/wp-json\/wp\/v2\/posts\/577\/revisions"}],"wp:attachment":[{"href":"https:\/\/agora.xtec.cat\/ceipelsametllers\/wp-json\/wp\/v2\/media?parent=577"}],"wp:term":[{"taxonomy":"category","embeddable":true,"href":"https:\/\/agora.xtec.cat\/ceipelsametllers\/wp-json\/wp\/v2\/categories?post=577"},{"taxonomy":"post_tag","embeddable":true,"href":"https:\/\/agora.xtec.cat\/ceipelsametllers\/wp-json\/wp\/v2\/tags?post=577"}],"curies":[{"name":"wp","href":"https:\/\/api.w.org\/{rel}","templated":true}]}}