{"id":575,"date":"2013-10-01T10:16:00","date_gmt":"2013-10-01T09:16:00","guid":{"rendered":"http:\/\/agora.xtec.cat\/ceipelsametllers\/general\/ladaptacio-de-p3\/"},"modified":"2013-10-01T10:16:00","modified_gmt":"2013-10-01T09:16:00","slug":"ladaptacio-de-p3","status":"publish","type":"post","link":"https:\/\/agora.xtec.cat\/ceipelsametllers\/infantil\/i3\/ladaptacio-de-p3\/","title":{"rendered":"L&#8217;adaptaci\u00f3 de P3"},"content":{"rendered":"<p>Els nens i nenes de P3 ens estem adaptant a una nova escola en el cas dels que ja anaven a la llar i a la primera separaci\u00f3 del nostre entorn familiar per als que no. Per tal de fer-ho el m\u00e9s suau possible els primers dies ven\u00edem una estoneta curta en grups redu\u00efts de nens i jug\u00e0vem amb les joguines de la classe. <\/p>\n<div style=\"clear: both; text-align: center;\"><a href=\"http:\/\/1.bp.blogspot.com\/-D0iHTT6fKg8\/UkLFemVtQzI\/AAAAAAAAE1M\/hqmiosF-1YI\/s1600\/adaptacio2.jpg\" style=\"margin-left: 1em; margin-right: 1em;\"><img loading=\"lazy\" decoding=\"async\" border=\"0\" src=\"http:\/\/1.bp.blogspot.com\/-D0iHTT6fKg8\/UkLFemVtQzI\/AAAAAAAAE1M\/hqmiosF-1YI\/s640\/adaptacio2.jpg\" height=\"400\" width=\"640\" xsa=\"true\" \/><\/a><\/div>\n<p>Coneix\u00edem tamb\u00e9 el pati. <\/p>\n<div style=\"clear: both; text-align: center;\"><a href=\"http:\/\/2.bp.blogspot.com\/-tVtOlWdcRfA\/UkLFjtKa7XI\/AAAAAAAAE1U\/KjSUyc8-oek\/s1600\/adaptacio1.jpg\" style=\"margin-left: 1em; margin-right: 1em;\"><img loading=\"lazy\" decoding=\"async\" border=\"0\" src=\"http:\/\/2.bp.blogspot.com\/-tVtOlWdcRfA\/UkLFjtKa7XI\/AAAAAAAAE1U\/KjSUyc8-oek\/s640\/adaptacio1.jpg\" height=\"400\" width=\"640\" xsa=\"true\" \/><\/a><\/div>\n<p>I la Raquel ens va presentar la seva capsa de les can\u00e7ons. \u00c9s una capsa on hi han capses m\u00e9s petites que dins tenen un element relacionat amb una can\u00e7\u00f3, per exemple un cargol per la can\u00e7\u00f3 de cargol treu banya.<\/p>\n<p><\/p>\n<div style=\"clear: both; text-align: center;\"><a href=\"http:\/\/4.bp.blogspot.com\/-67L081LDDkA\/UkLFWpRucFI\/AAAAAAAAE1E\/6UDXzSD87vY\/s1600\/adaptacio.jpg\" style=\"margin-left: 1em; margin-right: 1em;\"><img loading=\"lazy\" decoding=\"async\" border=\"0\" src=\"http:\/\/4.bp.blogspot.com\/-67L081LDDkA\/UkLFWpRucFI\/AAAAAAAAE1E\/6UDXzSD87vY\/s640\/adaptacio.jpg\" height=\"400\" width=\"640\" xsa=\"true\" \/><\/a><\/div>\n<p>I a partir del quart dia ven\u00edem tots junts i comen\u00e7\u00e0vem h\u00e0bits com esmorzar i posar-nos la bata per no embrutar-nos quan pintem.<\/p>\n<p><\/p>\n<div style=\"clear: both; text-align: center;\"><a href=\"http:\/\/3.bp.blogspot.com\/-DJYyHGIU_3Q\/UkLFoKv9VgI\/AAAAAAAAE1c\/XmuHvdMlMdo\/s1600\/adaptacio4.jpg\" style=\"margin-left: 1em; margin-right: 1em;\"><img loading=\"lazy\" decoding=\"async\" border=\"0\" src=\"http:\/\/3.bp.blogspot.com\/-DJYyHGIU_3Q\/UkLFoKv9VgI\/AAAAAAAAE1c\/XmuHvdMlMdo\/s640\/adaptacio4.jpg\" height=\"400\" width=\"640\" xsa=\"true\" \/><\/a><\/div>\n<p><\/p>\n<div style=\"clear: both; text-align: center;\"><a href=\"http:\/\/4.bp.blogspot.com\/-_T6b3GBcUcw\/UkLE-O6FV4I\/AAAAAAAAE04\/1Jha2Qnonag\/s1600\/DSC04080.JPG\" style=\"margin-left: 1em; margin-right: 1em;\"><img loading=\"lazy\" decoding=\"async\" border=\"0\" closure_lm_325694=\"null\" src=\"http:\/\/4.bp.blogspot.com\/-_T6b3GBcUcw\/UkLE-O6FV4I\/AAAAAAAAE04\/1Jha2Qnonag\/s320\/DSC04080.JPG\" height=\"240\" width=\"320\" xsa=\"true\" \/><\/a><\/div>\n<p><\/p>\n<div style=\"clear: both; text-align: center;\"><a href=\"http:\/\/4.bp.blogspot.com\/-dspplgE9ZyQ\/UkLE-OIJzCI\/AAAAAAAAE08\/NBXG6Y276RQ\/s1600\/DSC04081.JPG\" style=\"margin-left: 1em; margin-right: 1em;\"><img loading=\"lazy\" decoding=\"async\" border=\"0\" closure_lm_325694=\"null\" src=\"http:\/\/4.bp.blogspot.com\/-dspplgE9ZyQ\/UkLE-OIJzCI\/AAAAAAAAE08\/NBXG6Y276RQ\/s320\/DSC04081.JPG\" height=\"240\" width=\"320\" xsa=\"true\" \/><\/a><\/div>\n<p><\/p>\n","protected":false},"excerpt":{"rendered":"<p>Els nens i nenes de P3 ens estem adaptant a una nova escola en el cas dels que ja anaven a la llar i a la primera separaci\u00f3 del nostre entorn familiar per als que no. Per tal de fer-ho el m\u00e9s suau possible els&hellip;  <a href=\"https:\/\/agora.xtec.cat\/ceipelsametllers\/infantil\/i3\/ladaptacio-de-p3\/\" title=\"Read L&#8217;adaptaci\u00f3 de P3\">Llegeix m\u00e9s\u00bb<\/a><\/p>\n","protected":false},"author":1,"featured_media":0,"comment_status":"open","ping_status":"open","sticky":false,"template":"","format":"standard","meta":{"_bbp_topic_count":0,"_bbp_reply_count":0,"_bbp_total_topic_count":0,"_bbp_total_reply_count":0,"_bbp_voice_count":0,"_bbp_anonymous_reply_count":0,"_bbp_topic_count_hidden":0,"_bbp_reply_count_hidden":0,"_bbp_forum_subforum_count":0,"footnotes":""},"categories":[3],"tags":[],"class_list":["post-575","post","type-post","status-publish","format-standard","hentry","category-i3"],"post_mailing_queue_ids":[],"_links":{"self":[{"href":"https:\/\/agora.xtec.cat\/ceipelsametllers\/wp-json\/wp\/v2\/posts\/575","targetHints":{"allow":["GET"]}}],"collection":[{"href":"https:\/\/agora.xtec.cat\/ceipelsametllers\/wp-json\/wp\/v2\/posts"}],"about":[{"href":"https:\/\/agora.xtec.cat\/ceipelsametllers\/wp-json\/wp\/v2\/types\/post"}],"author":[{"embeddable":true,"href":"https:\/\/agora.xtec.cat\/ceipelsametllers\/wp-json\/wp\/v2\/users\/1"}],"replies":[{"embeddable":true,"href":"https:\/\/agora.xtec.cat\/ceipelsametllers\/wp-json\/wp\/v2\/comments?post=575"}],"version-history":[{"count":0,"href":"https:\/\/agora.xtec.cat\/ceipelsametllers\/wp-json\/wp\/v2\/posts\/575\/revisions"}],"wp:attachment":[{"href":"https:\/\/agora.xtec.cat\/ceipelsametllers\/wp-json\/wp\/v2\/media?parent=575"}],"wp:term":[{"taxonomy":"category","embeddable":true,"href":"https:\/\/agora.xtec.cat\/ceipelsametllers\/wp-json\/wp\/v2\/categories?post=575"},{"taxonomy":"post_tag","embeddable":true,"href":"https:\/\/agora.xtec.cat\/ceipelsametllers\/wp-json\/wp\/v2\/tags?post=575"}],"curies":[{"name":"wp","href":"https:\/\/api.w.org\/{rel}","templated":true}]}}