{"id":573,"date":"2013-11-09T08:35:00","date_gmt":"2013-11-09T07:35:00","guid":{"rendered":"http:\/\/agora.xtec.cat\/ceipelsametllers\/general\/sortida-dinfantil-al-museu-de-la-xocolata\/"},"modified":"2013-11-09T08:35:00","modified_gmt":"2013-11-09T07:35:00","slug":"sortida-dinfantil-al-museu-de-la-xocolata","status":"publish","type":"post","link":"https:\/\/agora.xtec.cat\/ceipelsametllers\/infantil\/i3\/sortida-dinfantil-al-museu-de-la-xocolata\/","title":{"rendered":"SORTIDA D&#8217;INFANTIL AL MUSEU DE LA XOCOLATA"},"content":{"rendered":"<div style=\"border: currentColor; clear: both; text-align: center;\"><a href=\"https:\/\/plus.google.com\/photos\/101069051287243885876\/albums?banner=pwa&amp;gpsrc=pwrd1#photos\/101069051287243885876\/albums\/5945778145905758529\" style=\"clear: right; cssfloat: right; float: right; margin-bottom: 1em; margin-left: 1em;\" target=\"_blank\"><img loading=\"lazy\" decoding=\"async\" border=\"0\" src=\"http:\/\/2.bp.blogspot.com\/-me-zjglLiIw\/UoOl5RJA5ZI\/AAAAAAAAFIQ\/caor63JRWlc\/s320\/PA300763+%255B800x600%255D.jpg\" height=\"240\" unselectable=\"on\" width=\"320\" zsa=\"true\" \/><\/a>La sortida al museu va comen\u00e7ar amb un viatge en autob\u00fas cap a Barcelona. Quina emoci\u00f3!!! tots els nens estaven una mica nerviosos esperant veure que s&#8217;hi trobarien en aquesta nova excursi\u00f3.Vam arribar al museu i vam esmorzar. Despr\u00e9s els nens i nenes de la classe de P3 i P4 van fer un taller amb xocolata: van tastar el cacau, la xocolata i fan poder fer una figura de xocolata. Despr\u00e9s van fer un dibuix amb la xocolata desfeta i el que els va sobrar de fer el dibuix, va fer cap a la panxeta de cada nen.<\/div>\n<div style=\"border: currentColor; clear: both; text-align: justify;\">Quan els m\u00e9s petits de l&#8217;escola van acabar el taller van fer un tomb pel museu per mirar les figures de xocolata gegants que hi havia. I mentre, van entrar a fer el taller els nens de P5A i P5B.<\/div>\n<div style=\"border: currentColor; clear: both; text-align: justify;\">Quan vam acabar la visita al museu vam anar al parc de la Ciutadella, que estava molt a prop del museu- All\u00e0 vam dinar i jugar una estona fins que es va fer l&#8217;hora de tornar cap a casa.<\/div>\n<div style=\"border: currentColor;\"><\/div>\n<div style=\"border: currentColor; clear: both; text-align: center;\"><\/div>\n<p><img loading=\"lazy\" decoding=\"async\" closure_lm_535122=\"null\" src=\"http:\/\/2.bp.blogspot.com\/-me-zjglLiIw\/UoOl5RJA5ZI\/AAAAAAAAFIQ\/caor63JRWlc\/s320\/PA300763+%255B800x600%255D.jpg\" height=\"72\" style=\"left: 533px; mozopacity: 0.3; opacity: 0.3; position: absolute; top: 130px; visibility: hidden;\" width=\"96\" \/><\/p>\n","protected":false},"excerpt":{"rendered":"<p><a href=\"https:\/\/plus.google.com\/photos\/101069051287243885876\/albums?banner=pwa&amp;gpsrc=pwrd1#photos\/101069051287243885876\/albums\/5945778145905758529\" style=\"clear: right; cssfloat: right; float: right; margin-bottom: 1em; margin-left: 1em;\" target=\"_blank\"><\/a>La sortida al museu va comen\u00e7ar amb un viatge en autob\u00fas cap a Barcelona. Quina emoci\u00f3!!! tots els nens estaven una mica nerviosos esperant veure que s&#8217;hi trobarien en aquesta nova excursi\u00f3.Vam arribar&hellip;  <a href=\"https:\/\/agora.xtec.cat\/ceipelsametllers\/infantil\/i3\/sortida-dinfantil-al-museu-de-la-xocolata\/\" title=\"Read SORTIDA D&#8217;INFANTIL AL MUSEU DE LA XOCOLATA\">Llegeix m\u00e9s\u00bb<\/a><\/p>\n","protected":false},"author":1,"featured_media":0,"comment_status":"open","ping_status":"open","sticky":false,"template":"","format":"standard","meta":{"_bbp_topic_count":0,"_bbp_reply_count":0,"_bbp_total_topic_count":0,"_bbp_total_reply_count":0,"_bbp_voice_count":0,"_bbp_anonymous_reply_count":0,"_bbp_topic_count_hidden":0,"_bbp_reply_count_hidden":0,"_bbp_forum_subforum_count":0,"footnotes":""},"categories":[3,8,9],"tags":[],"class_list":["post-573","post","type-post","status-publish","format-standard","hentry","category-i3","category-i4","category-i5"],"post_mailing_queue_ids":[],"_links":{"self":[{"href":"https:\/\/agora.xtec.cat\/ceipelsametllers\/wp-json\/wp\/v2\/posts\/573","targetHints":{"allow":["GET"]}}],"collection":[{"href":"https:\/\/agora.xtec.cat\/ceipelsametllers\/wp-json\/wp\/v2\/posts"}],"about":[{"href":"https:\/\/agora.xtec.cat\/ceipelsametllers\/wp-json\/wp\/v2\/types\/post"}],"author":[{"embeddable":true,"href":"https:\/\/agora.xtec.cat\/ceipelsametllers\/wp-json\/wp\/v2\/users\/1"}],"replies":[{"embeddable":true,"href":"https:\/\/agora.xtec.cat\/ceipelsametllers\/wp-json\/wp\/v2\/comments?post=573"}],"version-history":[{"count":0,"href":"https:\/\/agora.xtec.cat\/ceipelsametllers\/wp-json\/wp\/v2\/posts\/573\/revisions"}],"wp:attachment":[{"href":"https:\/\/agora.xtec.cat\/ceipelsametllers\/wp-json\/wp\/v2\/media?parent=573"}],"wp:term":[{"taxonomy":"category","embeddable":true,"href":"https:\/\/agora.xtec.cat\/ceipelsametllers\/wp-json\/wp\/v2\/categories?post=573"},{"taxonomy":"post_tag","embeddable":true,"href":"https:\/\/agora.xtec.cat\/ceipelsametllers\/wp-json\/wp\/v2\/tags?post=573"}],"curies":[{"name":"wp","href":"https:\/\/api.w.org\/{rel}","templated":true}]}}