{"id":572,"date":"2013-11-12T13:24:00","date_gmt":"2013-11-12T12:24:00","guid":{"rendered":"http:\/\/agora.xtec.cat\/ceipelsametllers\/general\/castanyada-2013\/"},"modified":"2013-11-12T13:24:00","modified_gmt":"2013-11-12T12:24:00","slug":"castanyada-2013","status":"publish","type":"post","link":"https:\/\/agora.xtec.cat\/ceipelsametllers\/infantil\/i3\/castanyada-2013\/","title":{"rendered":"CASTANYADA 2013"},"content":{"rendered":"<p>El passat 31 d&#8217; octubre vam celebrar la festa de la Castanyada a l&#8217; escola. Pel mat\u00ed els alumnes d&#8217; Educaci\u00f3 Infantil i els alumnes de 6\u00e8 van estar preparant panelllets per tota l&#8217; escola. La resta d&#8217;alumnes de prim\u00e0ria van estar a la seva classe preparant receptes de tardor.<\/p>\n<p>1r: Amanida de tardor<br \/>2n: Maced\u00f2nia<br \/>3rA: Pintxos de fruita<br \/>3rB: Fruits secs amb xocolata<br \/>4t: Crema d&#8217;avellanes i cacau<br \/>5\u00e8A: Iogurt de tardor<br \/>5\u00e8B: Bra\u00e7 de gitano<\/p>\n<p>Per la tarda ens vam menjar les castanyes i vam baixar al pati a ballar les danses. Ens ho vam passar d&#8217;all\u00f2 m\u00e9s b\u00e9. Aqu\u00ed us deixem algunes fotos perqu\u00e8 podeu veure com va anar la festa. Esperem que us agradin i ens deixeu les vostres opinions. <\/p>\n<p><a href=\"https:\/\/plus.google.com\/photos\/101069051287243885876\/albums?banner=pwa&amp;gpsrc=pwrd1#photos\/101069051287243885876\/albums\/5945353893790926529\" target=\"_blank\">FOTOS CASTANYADA<\/a><\/p>\n<p><a href=\"https:\/\/plus.google.com\/photos\/101069051287243885876\/albums?banner=pwa&amp;gpsrc=pwrd1#photos\/101069051287243885876\/albums\/5945353893790926529\"><\/a><\/p>\n","protected":false},"excerpt":{"rendered":"<p>El passat 31 d&#8217; octubre vam celebrar la festa de la Castanyada a l&#8217; escola. Pel mat\u00ed els alumnes d&#8217; Educaci\u00f3 Infantil i els alumnes de 6\u00e8 van estar preparant panelllets per tota l&#8217; escola. La resta d&#8217;alumnes de prim\u00e0ria van estar a la seva&hellip;  <a href=\"https:\/\/agora.xtec.cat\/ceipelsametllers\/infantil\/i3\/castanyada-2013\/\" title=\"Read CASTANYADA 2013\">Llegeix m\u00e9s\u00bb<\/a><\/p>\n","protected":false},"author":1,"featured_media":0,"comment_status":"open","ping_status":"open","sticky":false,"template":"","format":"standard","meta":{"_bbp_topic_count":0,"_bbp_reply_count":0,"_bbp_total_topic_count":0,"_bbp_total_reply_count":0,"_bbp_voice_count":0,"_bbp_anonymous_reply_count":0,"_bbp_topic_count_hidden":0,"_bbp_reply_count_hidden":0,"_bbp_forum_subforum_count":0,"footnotes":""},"categories":[10,11,12,13,14,15,3,8,9],"tags":[],"class_list":["post-572","post","type-post","status-publish","format-standard","hentry","category-1r","category-2n","category-3r","category-4t","category-5e","category-6e","category-i3","category-i4","category-i5"],"post_mailing_queue_ids":[],"_links":{"self":[{"href":"https:\/\/agora.xtec.cat\/ceipelsametllers\/wp-json\/wp\/v2\/posts\/572","targetHints":{"allow":["GET"]}}],"collection":[{"href":"https:\/\/agora.xtec.cat\/ceipelsametllers\/wp-json\/wp\/v2\/posts"}],"about":[{"href":"https:\/\/agora.xtec.cat\/ceipelsametllers\/wp-json\/wp\/v2\/types\/post"}],"author":[{"embeddable":true,"href":"https:\/\/agora.xtec.cat\/ceipelsametllers\/wp-json\/wp\/v2\/users\/1"}],"replies":[{"embeddable":true,"href":"https:\/\/agora.xtec.cat\/ceipelsametllers\/wp-json\/wp\/v2\/comments?post=572"}],"version-history":[{"count":0,"href":"https:\/\/agora.xtec.cat\/ceipelsametllers\/wp-json\/wp\/v2\/posts\/572\/revisions"}],"wp:attachment":[{"href":"https:\/\/agora.xtec.cat\/ceipelsametllers\/wp-json\/wp\/v2\/media?parent=572"}],"wp:term":[{"taxonomy":"category","embeddable":true,"href":"https:\/\/agora.xtec.cat\/ceipelsametllers\/wp-json\/wp\/v2\/categories?post=572"},{"taxonomy":"post_tag","embeddable":true,"href":"https:\/\/agora.xtec.cat\/ceipelsametllers\/wp-json\/wp\/v2\/tags?post=572"}],"curies":[{"name":"wp","href":"https:\/\/api.w.org\/{rel}","templated":true}]}}