{"id":565,"date":"2014-01-14T20:07:00","date_gmt":"2014-01-14T19:07:00","guid":{"rendered":"http:\/\/agora.xtec.cat\/ceipelsametllers\/general\/els-protagonistas-de-p3\/"},"modified":"2014-01-14T20:07:00","modified_gmt":"2014-01-14T19:07:00","slug":"els-protagonistas-de-p3","status":"publish","type":"post","link":"https:\/\/agora.xtec.cat\/ceipelsametllers\/infantil\/i3\/els-protagonistas-de-p3\/","title":{"rendered":"Els protagonistas de P3"},"content":{"rendered":"<div style=\"text-align: justify;\">Els nens i nenes de P3 treballem el protagonista de la setmana que ens permet que cada infant pugui ser especial durant una setmana i a partir de les coses que ens porta treballem l&#8217;expressi\u00f3 oral.&nbsp;<\/div>\n<div style=\"text-align: justify;\">El que m\u00e9s els hi agrada de ser els protagonistes \u00e9s quan la fam\u00edlia ve a l&#8217;escola per fer una activitat amb tots els companys\/es de classe sobre el que li agrada al protagonista.<\/div>\n<div style=\"text-align: justify;\">A continuaci\u00f3 podeu veure els protagonistes del primer trimestre.<\/div>\n<p>La primera protagonista va ser l&#8217;Eliana, aprofitant que era el seu aniversari.<\/p>\n<div style=\"clear: both; text-align: center;\"><a href=\"http:\/\/1.bp.blogspot.com\/-Ld8HcBxhVds\/UtWFzfdV7qI\/AAAAAAAAFR8\/SJSW2MeOrT0\/s1600\/DSC04629+%255B800x600%255D.jpg\" style=\"margin-left: 1em; margin-right: 1em;\"><img loading=\"lazy\" decoding=\"async\" border=\"0\" src=\"http:\/\/1.bp.blogspot.com\/-Ld8HcBxhVds\/UtWFzfdV7qI\/AAAAAAAAFR8\/SJSW2MeOrT0\/s320\/DSC04629+%255B800x600%255D.jpg\" height=\"240\" width=\"320\" \/><\/a><\/div>\n<p>Amb la seva mare vam preparar uns entrepans de nocilla.<\/p>\n<div style=\"clear: both; text-align: center;\"><a href=\"http:\/\/1.bp.blogspot.com\/-BhYhajJ_MEE\/UtWEuXsJwaI\/AAAAAAAAFRE\/iI3gbKsWOd0\/s1600\/BLOG.jpg\" style=\"margin-left: 1em; margin-right: 1em;\"><img loading=\"lazy\" decoding=\"async\" border=\"0\" src=\"http:\/\/1.bp.blogspot.com\/-BhYhajJ_MEE\/UtWEuXsJwaI\/AAAAAAAAFRE\/iI3gbKsWOd0\/s400\/BLOG.jpg\" height=\"225\" width=\"400\" \/><\/a><\/div>\n<p>Despr\u00e9s vam berenar i ballar per celebrar el seu aniversari.<\/p>\n<p><\/p>\n<div style=\"clear: both; text-align: center;\"><a href=\"http:\/\/4.bp.blogspot.com\/-on1gU2SCZJ0\/UtWEz3Fz00I\/AAAAAAAAFRU\/whmNQXMvBfU\/s1600\/BLOG1.jpg\" style=\"margin-left: 1em; margin-right: 1em;\"><img loading=\"lazy\" decoding=\"async\" border=\"0\" src=\"http:\/\/4.bp.blogspot.com\/-on1gU2SCZJ0\/UtWEz3Fz00I\/AAAAAAAAFRU\/whmNQXMvBfU\/s400\/BLOG1.jpg\" height=\"225\" width=\"400\" \/><\/a><\/div>\n<p>&nbsp; <br \/>El segon protagonista va ser el Marc perqu\u00e8 marxava a viure a Barcelona.<\/p>\n<div style=\"clear: both; text-align: center;\"><a href=\"http:\/\/4.bp.blogspot.com\/-B_v2Yh3Hmzo\/UtWFzUlohtI\/AAAAAAAAFR4\/IJOlztDMIt0\/s1600\/DSC04642+%255B800x600%255D.jpg\" style=\"margin-left: 1em; margin-right: 1em;\"><img loading=\"lazy\" decoding=\"async\" border=\"0\" src=\"http:\/\/4.bp.blogspot.com\/-B_v2Yh3Hmzo\/UtWFzUlohtI\/AAAAAAAAFR4\/IJOlztDMIt0\/s320\/DSC04642+%255B800x600%255D.jpg\" height=\"240\" width=\"320\" \/><\/a><\/div>\n<p>&nbsp; El seu pare ens va explicar un conte.<\/p>\n<div style=\"clear: both; text-align: center;\"><a href=\"http:\/\/2.bp.blogspot.com\/-y4M223wdxrg\/UtWFzfK0f2I\/AAAAAAAAFR0\/sqRI_ueJYj8\/s1600\/DSC04635+%255B800x600%255D.jpg\" style=\"margin-left: 1em; margin-right: 1em;\"><img loading=\"lazy\" decoding=\"async\" border=\"0\" src=\"http:\/\/2.bp.blogspot.com\/-y4M223wdxrg\/UtWFzfK0f2I\/AAAAAAAAFR0\/sqRI_ueJYj8\/s320\/DSC04635+%255B800x600%255D.jpg\" height=\"240\" width=\"320\" \/><\/a><\/div>\n<p>Despr\u00e9s la seva mare ens va donar dibuixos per pintar per\u00f2 a cadasc\u00fa sobre all\u00f2 que m\u00e9s els hi agradava d&#8217;all\u00f2 que havien posat al llibre de protagonista que portem a casa. Per tant hi havia dibuixos per pintar de la Peppa Pig, de cotxes, de cavalls, de princeses,&#8230; <\/p>\n<div style=\"clear: both; text-align: center;\"><a href=\"http:\/\/2.bp.blogspot.com\/-roaPUyr0VUs\/UtWE3oq0rqI\/AAAAAAAAFRc\/JdmZDXuPz3A\/s1600\/BLOG3.jpg\" style=\"margin-left: 1em; margin-right: 1em;\"><img loading=\"lazy\" decoding=\"async\" border=\"0\" src=\"http:\/\/2.bp.blogspot.com\/-roaPUyr0VUs\/UtWE3oq0rqI\/AAAAAAAAFRc\/JdmZDXuPz3A\/s400\/BLOG3.jpg\" height=\"225\" width=\"400\" \/><\/a><\/div>\n<p>La Laia va ser la \u00faltima protagonista del trimestre.<\/p>\n<div style=\"clear: both; text-align: center;\"><a href=\"http:\/\/1.bp.blogspot.com\/-bK6J_8za-68\/UtWF0SXZO3I\/AAAAAAAAFSQ\/0NeuDwW5jCw\/s1600\/DSC04845+%255B800x600%255D.jpg\" style=\"margin-left: 1em; margin-right: 1em;\"><img loading=\"lazy\" decoding=\"async\" border=\"0\" src=\"http:\/\/1.bp.blogspot.com\/-bK6J_8za-68\/UtWF0SXZO3I\/AAAAAAAAFSQ\/0NeuDwW5jCw\/s320\/DSC04845+%255B800x600%255D.jpg\" height=\"320\" width=\"240\" \/><\/a><\/div>\n<p>Amb la seva mare vam fer els seus puzles de casa perqu\u00e8 a la Laia li agrada i en sap molt de fer puzles.<\/p>\n<div style=\"clear: both; text-align: center;\"><a href=\"http:\/\/3.bp.blogspot.com\/-1Bndn5MLx_A\/UtWEwwDA9vI\/AAAAAAAAFRM\/shtA6jrFynk\/s1600\/BLOG2.jpg\" style=\"margin-left: 1em; margin-right: 1em;\"><img loading=\"lazy\" decoding=\"async\" border=\"0\" src=\"http:\/\/3.bp.blogspot.com\/-1Bndn5MLx_A\/UtWEwwDA9vI\/AAAAAAAAFRM\/shtA6jrFynk\/s400\/BLOG2.jpg\" height=\"225\" width=\"400\" \/><\/a><\/div>\n<p>En el primer trimestre tamb\u00e9 va ser protagonista la X\u00e8nia per\u00f2 es va posar malalta i els seus pares van venir a fer l&#8217;activitat en tornar de les vacances de nadal.<\/p>\n<div style=\"clear: both; text-align: center;\"><a href=\"http:\/\/3.bp.blogspot.com\/-MbUpUwQfDRY\/UtWF1BU499I\/AAAAAAAAFSU\/4wRumEjO6IA\/s1600\/DSC05096+%255B800x600%255D.jpg\" style=\"margin-left: 1em; margin-right: 1em;\"><img loading=\"lazy\" decoding=\"async\" border=\"0\" src=\"http:\/\/3.bp.blogspot.com\/-MbUpUwQfDRY\/UtWF1BU499I\/AAAAAAAAFSU\/4wRumEjO6IA\/s320\/DSC05096+%255B800x600%255D.jpg\" height=\"240\" width=\"320\" \/><\/a><\/div>\n<p>El seu pare ens va explicar el conte de Bambi.<\/p>\n<div style=\"clear: both; text-align: center;\"><a href=\"http:\/\/1.bp.blogspot.com\/-qQUsMkTcf4k\/UtWF0Qi5VCI\/AAAAAAAAFSI\/yiBln1ZZh4k\/s1600\/DSC05088+%255B800x600%255D.jpg\" style=\"margin-left: 1em; margin-right: 1em;\"><img loading=\"lazy\" decoding=\"async\" border=\"0\" src=\"http:\/\/1.bp.blogspot.com\/-qQUsMkTcf4k\/UtWF0Qi5VCI\/AAAAAAAAFSI\/yiBln1ZZh4k\/s320\/DSC05088+%255B800x600%255D.jpg\" height=\"240\" width=\"320\" \/><\/a><\/div>\n<p>I despr\u00e9s vam pintar un dibuix de Bambi amb el seu amic Tambor.<\/p>\n<div style=\"clear: both; text-align: center;\"><a href=\"http:\/\/3.bp.blogspot.com\/-OFhVZes-LE0\/UtWE7F2fZ7I\/AAAAAAAAFRk\/lim3NUOskFg\/s1600\/BLOG4.jpg\" style=\"margin-left: 1em; margin-right: 1em;\"><img loading=\"lazy\" decoding=\"async\" border=\"0\" src=\"http:\/\/3.bp.blogspot.com\/-OFhVZes-LE0\/UtWE7F2fZ7I\/AAAAAAAAFRk\/lim3NUOskFg\/s400\/BLOG4.jpg\" height=\"225\" width=\"400\" \/><\/a><\/div>\n<p>Continuarem fent els protagonistes totes les setmanes. Si alg\u00fa es vol oferir voluntari per fer-ho ja no heu de fer res m\u00e9s que parlar amb la Raquel.<\/p>\n<p><\/p>\n","protected":false},"excerpt":{"rendered":"<p>Els nens i nenes de P3 treballem el protagonista de la setmana que ens permet que cada infant pugui ser especial durant una setmana i a partir de les coses que ens porta treballem l&#8217;expressi\u00f3 oral.&nbsp;<br \/>\nEl que m\u00e9s els hi agrada de ser els protagonistes&hellip;  <a href=\"https:\/\/agora.xtec.cat\/ceipelsametllers\/infantil\/i3\/els-protagonistas-de-p3\/\" title=\"Read Els protagonistas de P3\">Llegeix m\u00e9s\u00bb<\/a><\/p>\n","protected":false},"author":1,"featured_media":0,"comment_status":"open","ping_status":"open","sticky":false,"template":"","format":"standard","meta":{"_bbp_topic_count":0,"_bbp_reply_count":0,"_bbp_total_topic_count":0,"_bbp_total_reply_count":0,"_bbp_voice_count":0,"_bbp_anonymous_reply_count":0,"_bbp_topic_count_hidden":0,"_bbp_reply_count_hidden":0,"_bbp_forum_subforum_count":0,"footnotes":""},"categories":[3],"tags":[],"class_list":["post-565","post","type-post","status-publish","format-standard","hentry","category-i3"],"post_mailing_queue_ids":[],"_links":{"self":[{"href":"https:\/\/agora.xtec.cat\/ceipelsametllers\/wp-json\/wp\/v2\/posts\/565","targetHints":{"allow":["GET"]}}],"collection":[{"href":"https:\/\/agora.xtec.cat\/ceipelsametllers\/wp-json\/wp\/v2\/posts"}],"about":[{"href":"https:\/\/agora.xtec.cat\/ceipelsametllers\/wp-json\/wp\/v2\/types\/post"}],"author":[{"embeddable":true,"href":"https:\/\/agora.xtec.cat\/ceipelsametllers\/wp-json\/wp\/v2\/users\/1"}],"replies":[{"embeddable":true,"href":"https:\/\/agora.xtec.cat\/ceipelsametllers\/wp-json\/wp\/v2\/comments?post=565"}],"version-history":[{"count":0,"href":"https:\/\/agora.xtec.cat\/ceipelsametllers\/wp-json\/wp\/v2\/posts\/565\/revisions"}],"wp:attachment":[{"href":"https:\/\/agora.xtec.cat\/ceipelsametllers\/wp-json\/wp\/v2\/media?parent=565"}],"wp:term":[{"taxonomy":"category","embeddable":true,"href":"https:\/\/agora.xtec.cat\/ceipelsametllers\/wp-json\/wp\/v2\/categories?post=565"},{"taxonomy":"post_tag","embeddable":true,"href":"https:\/\/agora.xtec.cat\/ceipelsametllers\/wp-json\/wp\/v2\/tags?post=565"}],"curies":[{"name":"wp","href":"https:\/\/api.w.org\/{rel}","templated":true}]}}