{"id":564,"date":"2014-01-14T21:54:00","date_gmt":"2014-01-14T20:54:00","guid":{"rendered":"http:\/\/agora.xtec.cat\/ceipelsametllers\/general\/lhivern-a-arribat-a-p3\/"},"modified":"2014-01-14T21:54:00","modified_gmt":"2014-01-14T20:54:00","slug":"lhivern-a-arribat-a-p3","status":"publish","type":"post","link":"https:\/\/agora.xtec.cat\/ceipelsametllers\/infantil\/i3\/lhivern-a-arribat-a-p3\/","title":{"rendered":"L&#8217;hivern a arribat a P3"},"content":{"rendered":"<p>Hem tornar de vacances de Nadal i ara ja notem que l&#8217;hivern ja ha arribat.<br \/>A la classe de P3 a m\u00e9s ha arribat de veritat perqu\u00e8 el dilluns vam anar a la biblioteca i ens vam trobar una capsa amb una sorpresa i una nota que deia que per veure el conte hav\u00edem d&#8217;anar a l&#8217;aula d&#8217;audiovisuals.<br \/>Vam pujar a dalt i vam poder veure embadalits un conte sobre un ninot de neu on no parlen, de manera que nosaltres pod\u00edem seguir i anar comentant el que passava refor\u00e7ant i ampliant el nostre vocabulari.<\/p>\n<div style=\"clear: both; text-align: center;\"><a href=\"http:\/\/3.bp.blogspot.com\/-t3jDxeL9H5k\/UtWPOzGMlfI\/AAAAAAAAFTA\/2v0J30cAEII\/s1600\/DSC05098+%2528Copiar%2529.JPG\" style=\"margin-left: 1em; margin-right: 1em;\"><img loading=\"lazy\" decoding=\"async\" border=\"0\" src=\"http:\/\/3.bp.blogspot.com\/-t3jDxeL9H5k\/UtWPOzGMlfI\/AAAAAAAAFTA\/2v0J30cAEII\/s320\/DSC05098+%2528Copiar%2529.JPG\" height=\"240\" width=\"320\" \/><\/a><\/div>\n<p><\/p>\n<div style=\"clear: both; text-align: center;\"><a href=\"http:\/\/1.bp.blogspot.com\/-Qv-0CrXEiBI\/UtWPOtJ8I2I\/AAAAAAAAFS8\/vbaCpho2E1c\/s1600\/DSC05099+%2528Copiar%2529.JPG\" style=\"margin-left: 1em; margin-right: 1em;\"><img loading=\"lazy\" decoding=\"async\" border=\"0\" src=\"http:\/\/1.bp.blogspot.com\/-Qv-0CrXEiBI\/UtWPOtJ8I2I\/AAAAAAAAFS8\/vbaCpho2E1c\/s320\/DSC05099+%2528Copiar%2529.JPG\" height=\"240\" width=\"320\" \/><\/a><\/div>\n<p>A continuaci\u00f3 el podeu veure. Veureu que la m\u00fasica que el va acompanyant tota l&#8217;estona el fa molt agradable (tot i que t\u00e9 un final una mica trist).<\/p>\n<p><\/p>\n<div style=\"text-align: center;\"><iframe loading=\"lazy\" allowfullscreen=\"\" frameborder=\"0\" height=\"315\" src=\"\/\/www.youtube.com\/embed\/ZE9KpobX9J8\" width=\"420\"><\/iframe><\/div>\n<p>Eii! Que no us hem dit que hi havia dins de la capsa! No us ho creureu! Hi havia neu! La vam tocar i estava tota freda i humida. Ara la tenim guardada a la classe al rac\u00f3 que hem muntat per treballar l&#8217;estaci\u00f3.<\/p>\n<div style=\"clear: both; text-align: center;\"><a href=\"http:\/\/4.bp.blogspot.com\/-atiS-MK4iK4\/UtWPP438y0I\/AAAAAAAAFTM\/yX7gNx6l1ic\/s1600\/DSC05101+%2528Copiar%2529.JPG\" style=\"margin-left: 1em; margin-right: 1em;\"><img loading=\"lazy\" decoding=\"async\" border=\"0\" src=\"http:\/\/4.bp.blogspot.com\/-atiS-MK4iK4\/UtWPP438y0I\/AAAAAAAAFTM\/yX7gNx6l1ic\/s320\/DSC05101+%2528Copiar%2529.JPG\" height=\"240\" width=\"320\" \/><\/a><\/div>\n<p>Si voleu tenir una neu com la nostra nom\u00e9s heu de posar 1 kg de bicarbonat s\u00f2dic amb no arriba a un pot sencer d&#8217;escuma d&#8217;afaitar.<\/p>\n<p>Hem aprofitat aquesta neu per jugar als racons d&#8217;aula amb la Maite. Hem repartit la neu en safates petites i cada infant dibuixava cercles, escrivia el n\u00famero 1, f\u00e8iem l\u00ednies rectes verticals,&#8230;&nbsp; i hem apretat molt la neu per intentar fer boles per fer un ninot de neu.<\/p>\n<div style=\"clear: both; text-align: center;\"><a href=\"http:\/\/4.bp.blogspot.com\/-vlMiNeLvQ-A\/UtWhZewbR4I\/AAAAAAAAFU0\/_9jBujZAb9o\/s1600\/Desktop.jpg\" style=\"margin-left: 1em; margin-right: 1em;\"><img loading=\"lazy\" decoding=\"async\" border=\"0\" src=\"http:\/\/4.bp.blogspot.com\/-vlMiNeLvQ-A\/UtWhZewbR4I\/AAAAAAAAFU0\/_9jBujZAb9o\/s400\/Desktop.jpg\" height=\"225\" width=\"400\" \/><\/a><\/div>\n<p><\/p>\n<div style=\"text-align: justify;\">Un altre dia tamb\u00e9 vam estar parlant de l&#8217;hivern i vam mirar imatges sobre paisatges en aquesta estaci\u00f3 i vam observar els colors t\u00edpics de l&#8217;hivern. Amb aquests colors vam fer una sessi\u00f3 de pintura per\u00f2 en lloc de fer servir pinzells vam pintar estirant la pintura sobre el paper amb targetes tipus targetes de cr\u00e8dit. Ens van quedar unes obres d&#8217;art xulisimes!<\/div>\n<p><\/p>\n<div style=\"clear: both; text-align: center;\"><a href=\"http:\/\/1.bp.blogspot.com\/-_0aK2pgDRko\/UtWiJlNQM2I\/AAAAAAAAFU8\/TC54ItNINQA\/s1600\/102MSDCF.jpg\" style=\"margin-left: 1em; margin-right: 1em;\"><img loading=\"lazy\" decoding=\"async\" border=\"0\" src=\"http:\/\/1.bp.blogspot.com\/-_0aK2pgDRko\/UtWiJlNQM2I\/AAAAAAAAFU8\/TC54ItNINQA\/s400\/102MSDCF.jpg\" height=\"225\" width=\"400\" \/><\/a><\/div>\n<p>Durant uns quants dies continuarem experimentant amb l&#8217;hivern.<\/p>\n","protected":false},"excerpt":{"rendered":"<p>Hem tornar de vacances de Nadal i ara ja notem que l&#8217;hivern ja ha arribat.A la classe de P3 a m\u00e9s ha arribat de veritat perqu\u00e8 el dilluns vam anar a la biblioteca i ens vam trobar una capsa amb una sorpresa i una nota&hellip;  <a href=\"https:\/\/agora.xtec.cat\/ceipelsametllers\/infantil\/i3\/lhivern-a-arribat-a-p3\/\" title=\"Read L&#8217;hivern a arribat a P3\">Llegeix m\u00e9s\u00bb<\/a><\/p>\n","protected":false},"author":1,"featured_media":0,"comment_status":"open","ping_status":"open","sticky":false,"template":"","format":"standard","meta":{"_bbp_topic_count":0,"_bbp_reply_count":0,"_bbp_total_topic_count":0,"_bbp_total_reply_count":0,"_bbp_voice_count":0,"_bbp_anonymous_reply_count":0,"_bbp_topic_count_hidden":0,"_bbp_reply_count_hidden":0,"_bbp_forum_subforum_count":0,"footnotes":""},"categories":[3],"tags":[],"class_list":["post-564","post","type-post","status-publish","format-standard","hentry","category-i3"],"post_mailing_queue_ids":[],"_links":{"self":[{"href":"https:\/\/agora.xtec.cat\/ceipelsametllers\/wp-json\/wp\/v2\/posts\/564","targetHints":{"allow":["GET"]}}],"collection":[{"href":"https:\/\/agora.xtec.cat\/ceipelsametllers\/wp-json\/wp\/v2\/posts"}],"about":[{"href":"https:\/\/agora.xtec.cat\/ceipelsametllers\/wp-json\/wp\/v2\/types\/post"}],"author":[{"embeddable":true,"href":"https:\/\/agora.xtec.cat\/ceipelsametllers\/wp-json\/wp\/v2\/users\/1"}],"replies":[{"embeddable":true,"href":"https:\/\/agora.xtec.cat\/ceipelsametllers\/wp-json\/wp\/v2\/comments?post=564"}],"version-history":[{"count":0,"href":"https:\/\/agora.xtec.cat\/ceipelsametllers\/wp-json\/wp\/v2\/posts\/564\/revisions"}],"wp:attachment":[{"href":"https:\/\/agora.xtec.cat\/ceipelsametllers\/wp-json\/wp\/v2\/media?parent=564"}],"wp:term":[{"taxonomy":"category","embeddable":true,"href":"https:\/\/agora.xtec.cat\/ceipelsametllers\/wp-json\/wp\/v2\/categories?post=564"},{"taxonomy":"post_tag","embeddable":true,"href":"https:\/\/agora.xtec.cat\/ceipelsametllers\/wp-json\/wp\/v2\/tags?post=564"}],"curies":[{"name":"wp","href":"https:\/\/api.w.org\/{rel}","templated":true}]}}