{"id":563,"date":"2014-01-21T13:20:00","date_gmt":"2014-01-21T12:20:00","guid":{"rendered":"http:\/\/agora.xtec.cat\/ceipelsametllers\/general\/la-festa-de-nadal\/"},"modified":"2014-01-21T13:20:00","modified_gmt":"2014-01-21T12:20:00","slug":"la-festa-de-nadal","status":"publish","type":"post","link":"https:\/\/agora.xtec.cat\/ceipelsametllers\/infantil\/i3\/la-festa-de-nadal\/","title":{"rendered":"La festa de Nadal"},"content":{"rendered":"<p><span style=\"font-size: small;\"><span style=\"font-family: &quot;Trebuchet MS&quot;,sans-serif;\">L\u2019\u00faltim dia d\u2019escola, i com cada any, vam fer una gran festa.<\/span><\/span><br \/><span style=\"font-size: small;\"><span style=\"font-family: &quot;Trebuchet MS&quot;,sans-serif;\">&nbsp;Els nens des de P3 fins 4art van poder &#8220;fer Cagar el Ti\u00f3&#8221; (amb la col\u2022laboraci\u00f3 de l\u2019AMPA) i van&nbsp; donar la carta dels Reis Mags d&#8217;Orient al Patge Reial, que va venir a l\u2019escola expressament per recollir-les.<\/span><\/span><br \/><span style=\"font-size: small;\"><span style=\"font-family: &quot;Trebuchet MS&quot;,sans-serif;\">&nbsp;Despr\u00e9s vam celebrar el festival de Nadal. Els pares i familiars van poder venir a veure als nens i nenes com recitaven els poemes i cantaven les nadales. Tot i que els nens estaven molt nerviosos, desitjant que la seva intervenci\u00f3 sort\u00eds com en els assajos, a tots els grups els hi va anar molt b\u00e9 i tots van rebre molts aplaudiments dels seus familiars.&nbsp;<\/span><\/span><\/p>\n<p><span style=\"font-size: small;\"><span style=\"font-family: &quot;Trebuchet MS&quot;,sans-serif;\">Tot seguit us presentem un recull de fotos del festival<span style=\"color: #f1c232;\"><i><span style=\"color: black;\">, si les voleu veure<span style=\"color: #f1c232;\">&nbsp; <\/span><\/span><span style=\"color: red;\"><a href=\"https:\/\/plus.google.com\/photos\/101069051287243885876\/albums\/5971319035718627825\" target=\"_blank\">cliqueu aqu\u00cd<\/a><\/span><\/i><\/span> <\/span><\/span><\/p>\n","protected":false},"excerpt":{"rendered":"<p>L\u2019\u00faltim dia d\u2019escola, i com cada any, vam fer una gran festa.&nbsp;Els nens des de P3 fins 4art van poder &#8220;fer Cagar el Ti\u00f3&#8221; (amb la col\u2022laboraci\u00f3 de l\u2019AMPA) i van&nbsp; donar la carta dels Reis Mags d&#8217;Orient al Patge Reial, que va venir a&hellip;  <a href=\"https:\/\/agora.xtec.cat\/ceipelsametllers\/infantil\/i3\/la-festa-de-nadal\/\" title=\"Read La festa de Nadal\">Llegeix m\u00e9s\u00bb<\/a><\/p>\n","protected":false},"author":1,"featured_media":0,"comment_status":"open","ping_status":"open","sticky":false,"template":"","format":"standard","meta":{"_bbp_topic_count":0,"_bbp_reply_count":0,"_bbp_total_topic_count":0,"_bbp_total_reply_count":0,"_bbp_voice_count":0,"_bbp_anonymous_reply_count":0,"_bbp_topic_count_hidden":0,"_bbp_reply_count_hidden":0,"_bbp_forum_subforum_count":0,"footnotes":""},"categories":[10,11,12,13,14,15,3,8,9],"tags":[],"class_list":["post-563","post","type-post","status-publish","format-standard","hentry","category-1r","category-2n","category-3r","category-4t","category-5e","category-6e","category-i3","category-i4","category-i5"],"post_mailing_queue_ids":[],"_links":{"self":[{"href":"https:\/\/agora.xtec.cat\/ceipelsametllers\/wp-json\/wp\/v2\/posts\/563","targetHints":{"allow":["GET"]}}],"collection":[{"href":"https:\/\/agora.xtec.cat\/ceipelsametllers\/wp-json\/wp\/v2\/posts"}],"about":[{"href":"https:\/\/agora.xtec.cat\/ceipelsametllers\/wp-json\/wp\/v2\/types\/post"}],"author":[{"embeddable":true,"href":"https:\/\/agora.xtec.cat\/ceipelsametllers\/wp-json\/wp\/v2\/users\/1"}],"replies":[{"embeddable":true,"href":"https:\/\/agora.xtec.cat\/ceipelsametllers\/wp-json\/wp\/v2\/comments?post=563"}],"version-history":[{"count":0,"href":"https:\/\/agora.xtec.cat\/ceipelsametllers\/wp-json\/wp\/v2\/posts\/563\/revisions"}],"wp:attachment":[{"href":"https:\/\/agora.xtec.cat\/ceipelsametllers\/wp-json\/wp\/v2\/media?parent=563"}],"wp:term":[{"taxonomy":"category","embeddable":true,"href":"https:\/\/agora.xtec.cat\/ceipelsametllers\/wp-json\/wp\/v2\/categories?post=563"},{"taxonomy":"post_tag","embeddable":true,"href":"https:\/\/agora.xtec.cat\/ceipelsametllers\/wp-json\/wp\/v2\/tags?post=563"}],"curies":[{"name":"wp","href":"https:\/\/api.w.org\/{rel}","templated":true}]}}