{"id":562,"date":"2014-01-24T14:07:00","date_gmt":"2014-01-24T13:07:00","guid":{"rendered":"http:\/\/agora.xtec.cat\/ceipelsametllers\/general\/sessio-de-psico-de-p3\/"},"modified":"2014-01-24T14:07:00","modified_gmt":"2014-01-24T13:07:00","slug":"sessio-de-psico-de-p3","status":"publish","type":"post","link":"https:\/\/agora.xtec.cat\/ceipelsametllers\/infantil\/i3\/sessio-de-psico-de-p3\/","title":{"rendered":"Sessi\u00f3 de psico de P3"},"content":{"rendered":"<p>A continuaci\u00f3 podeu veure una sessi\u00f3 de psicomotricitat molt especial que vam fer els nens i nenes de P3 abans de les vacances de nadal.<br \/>Vam preparar un circuit per on camin\u00e0vem per damunt de les peces i passaven per sota els ponts i per acabar havien de passar per dins d&#8217;un t\u00fanel molt especial.<\/p>\n<div style=\"clear: both; text-align: center;\"><a href=\"http:\/\/4.bp.blogspot.com\/-X_unzYpa4UA\/UuJjuyooUBI\/AAAAAAAAFfo\/kyxUWGcNM4g\/s1600\/IMG_0815+%255B800x600%255D.jpg\" style=\"margin-left: 1em; margin-right: 1em;\"><img loading=\"lazy\" decoding=\"async\" border=\"0\" src=\"http:\/\/4.bp.blogspot.com\/-X_unzYpa4UA\/UuJjuyooUBI\/AAAAAAAAFfo\/kyxUWGcNM4g\/s1600\/IMG_0815+%255B800x600%255D.jpg\" height=\"298\" width=\"400\" \/><\/a><\/div>\n<p>Est\u00e0vem a les fosques i el t\u00fanel s&#8217;il\u00b7luminava amb llums de nadal. <a href=\"https:\/\/plus.google.com\/photos\/101069051287243885876\/albums\/5972445707023671905?authkey=CPqQ8ILVgM3HmgE\"><span style=\"background-color: cyan;\">Aqu\u00ed podeu veure les seves cares<\/span> <\/a>de sorpresa i a continuaci\u00f3 tamb\u00e9 teniu un petit v\u00eddeo.<\/p>\n<div><\/div>\n<p><iframe loading=\"lazy\" allowfullscreen=\"\" frameborder=\"0\" height=\"315\" src=\"\/\/www.youtube.com\/embed\/_XWQdRmryH4\" width=\"560\"><\/iframe><\/p>\n","protected":false},"excerpt":{"rendered":"<p>A continuaci\u00f3 podeu veure una sessi\u00f3 de psicomotricitat molt especial que vam fer els nens i nenes de P3 abans de les vacances de nadal.Vam preparar un circuit per on camin\u00e0vem per damunt de les peces i passaven per sota els ponts i per acabar&hellip;  <a href=\"https:\/\/agora.xtec.cat\/ceipelsametllers\/infantil\/i3\/sessio-de-psico-de-p3\/\" title=\"Read Sessi\u00f3 de psico de P3\">Llegeix m\u00e9s\u00bb<\/a><\/p>\n","protected":false},"author":1,"featured_media":0,"comment_status":"open","ping_status":"open","sticky":false,"template":"","format":"standard","meta":{"_bbp_topic_count":0,"_bbp_reply_count":0,"_bbp_total_topic_count":0,"_bbp_total_reply_count":0,"_bbp_voice_count":0,"_bbp_anonymous_reply_count":0,"_bbp_topic_count_hidden":0,"_bbp_reply_count_hidden":0,"_bbp_forum_subforum_count":0,"footnotes":""},"categories":[3],"tags":[],"class_list":["post-562","post","type-post","status-publish","format-standard","hentry","category-i3"],"post_mailing_queue_ids":[],"_links":{"self":[{"href":"https:\/\/agora.xtec.cat\/ceipelsametllers\/wp-json\/wp\/v2\/posts\/562","targetHints":{"allow":["GET"]}}],"collection":[{"href":"https:\/\/agora.xtec.cat\/ceipelsametllers\/wp-json\/wp\/v2\/posts"}],"about":[{"href":"https:\/\/agora.xtec.cat\/ceipelsametllers\/wp-json\/wp\/v2\/types\/post"}],"author":[{"embeddable":true,"href":"https:\/\/agora.xtec.cat\/ceipelsametllers\/wp-json\/wp\/v2\/users\/1"}],"replies":[{"embeddable":true,"href":"https:\/\/agora.xtec.cat\/ceipelsametllers\/wp-json\/wp\/v2\/comments?post=562"}],"version-history":[{"count":0,"href":"https:\/\/agora.xtec.cat\/ceipelsametllers\/wp-json\/wp\/v2\/posts\/562\/revisions"}],"wp:attachment":[{"href":"https:\/\/agora.xtec.cat\/ceipelsametllers\/wp-json\/wp\/v2\/media?parent=562"}],"wp:term":[{"taxonomy":"category","embeddable":true,"href":"https:\/\/agora.xtec.cat\/ceipelsametllers\/wp-json\/wp\/v2\/categories?post=562"},{"taxonomy":"post_tag","embeddable":true,"href":"https:\/\/agora.xtec.cat\/ceipelsametllers\/wp-json\/wp\/v2\/tags?post=562"}],"curies":[{"name":"wp","href":"https:\/\/api.w.org\/{rel}","templated":true}]}}