{"id":561,"date":"2014-01-27T14:02:00","date_gmt":"2014-01-27T13:02:00","guid":{"rendered":"http:\/\/agora.xtec.cat\/ceipelsametllers\/general\/xocolata-desfeta\/"},"modified":"2014-01-27T14:02:00","modified_gmt":"2014-01-27T13:02:00","slug":"xocolata-desfeta","status":"publish","type":"post","link":"https:\/\/agora.xtec.cat\/ceipelsametllers\/infantil\/i3\/xocolata-desfeta\/","title":{"rendered":"Xocolata desfeta!"},"content":{"rendered":"<div style=\"text-align: justify;\">Estem a l&#8217;hivern i els nens i nenes de P3 estem treballant sobre l&#8217;estaci\u00f3. Hem parlat molt de la neu i la roba que ens fa falta per no tenir fred. En aquesta ocasi\u00f3 vam parlar del menjar que ens ve de gust menjar a l&#8217;hivern perqu\u00e8 s\u00f3n calentets com la sopa i la xocolata desfeta. Aix\u00ed que vam decidir fer un berenar de xocolata desfeta amb melindros i, com que quasi la meitat de la classe estava malalta, vam convidar als nostres ve\u00efns de P4 a berenar.<\/div>\n<div style=\"text-align: justify;\">Cliqueu a la foto per poder veure com ens van quedar a alguns les cares despr\u00e9s de tan delici\u00f3s berenar.<\/div>\n<div style=\"text-align: justify;\"><\/div>\n<div style=\"clear: both; text-align: center;\"><a href=\"https:\/\/plus.google.com\/photos\/101069051287243885876\/albums\/5973540823194450433?authkey=CPyB56ebqPTI6wE\" target=\"_blank\"><img loading=\"lazy\" decoding=\"async\" border=\"0\" src=\"http:\/\/1.bp.blogspot.com\/-Q8zdvHE98fQ\/UuZH2fxDHFI\/AAAAAAAAFrs\/8SmRZDfpFT8\/s1600\/DSC05215+%255B800x600%255D.jpg\" height=\"240\" width=\"320\" \/><\/a><\/div>\n<div><\/div>\n","protected":false},"excerpt":{"rendered":"<p>Estem a l&#8217;hivern i els nens i nenes de P3 estem treballant sobre l&#8217;estaci\u00f3. Hem parlat molt de la neu i la roba que ens fa falta per no tenir fred. En aquesta ocasi\u00f3 vam parlar del menjar que ens ve de gust menjar a&hellip;  <a href=\"https:\/\/agora.xtec.cat\/ceipelsametllers\/infantil\/i3\/xocolata-desfeta\/\" title=\"Read Xocolata desfeta!\">Llegeix m\u00e9s\u00bb<\/a><\/p>\n","protected":false},"author":1,"featured_media":0,"comment_status":"open","ping_status":"open","sticky":false,"template":"","format":"standard","meta":{"_bbp_topic_count":0,"_bbp_reply_count":0,"_bbp_total_topic_count":0,"_bbp_total_reply_count":0,"_bbp_voice_count":0,"_bbp_anonymous_reply_count":0,"_bbp_topic_count_hidden":0,"_bbp_reply_count_hidden":0,"_bbp_forum_subforum_count":0,"footnotes":""},"categories":[3,8],"tags":[],"class_list":["post-561","post","type-post","status-publish","format-standard","hentry","category-i3","category-i4"],"post_mailing_queue_ids":[],"_links":{"self":[{"href":"https:\/\/agora.xtec.cat\/ceipelsametllers\/wp-json\/wp\/v2\/posts\/561","targetHints":{"allow":["GET"]}}],"collection":[{"href":"https:\/\/agora.xtec.cat\/ceipelsametllers\/wp-json\/wp\/v2\/posts"}],"about":[{"href":"https:\/\/agora.xtec.cat\/ceipelsametllers\/wp-json\/wp\/v2\/types\/post"}],"author":[{"embeddable":true,"href":"https:\/\/agora.xtec.cat\/ceipelsametllers\/wp-json\/wp\/v2\/users\/1"}],"replies":[{"embeddable":true,"href":"https:\/\/agora.xtec.cat\/ceipelsametllers\/wp-json\/wp\/v2\/comments?post=561"}],"version-history":[{"count":0,"href":"https:\/\/agora.xtec.cat\/ceipelsametllers\/wp-json\/wp\/v2\/posts\/561\/revisions"}],"wp:attachment":[{"href":"https:\/\/agora.xtec.cat\/ceipelsametllers\/wp-json\/wp\/v2\/media?parent=561"}],"wp:term":[{"taxonomy":"category","embeddable":true,"href":"https:\/\/agora.xtec.cat\/ceipelsametllers\/wp-json\/wp\/v2\/categories?post=561"},{"taxonomy":"post_tag","embeddable":true,"href":"https:\/\/agora.xtec.cat\/ceipelsametllers\/wp-json\/wp\/v2\/tags?post=561"}],"curies":[{"name":"wp","href":"https:\/\/api.w.org\/{rel}","templated":true}]}}