{"id":553,"date":"2014-03-06T21:22:00","date_gmt":"2014-03-06T20:22:00","guid":{"rendered":"http:\/\/agora.xtec.cat\/ceipelsametllers\/general\/arribo-rei-carnestoltes\/"},"modified":"2014-03-06T21:22:00","modified_gmt":"2014-03-06T20:22:00","slug":"arribo-rei-carnestoltes","status":"publish","type":"post","link":"https:\/\/agora.xtec.cat\/ceipelsametllers\/primaria\/6e\/arribo-rei-carnestoltes\/","title":{"rendered":"Arribo Rei Carnestoltes"},"content":{"rendered":"<div style=\"border-bottom: medium none; border-left: medium none; border-right: medium none; border-top: medium none;\">\n<div style=\"border-bottom: medium none; border-left: medium none; border-right: medium none; border-top: medium none;\"><a href=\"http:\/\/2.bp.blogspot.com\/-bwBndvN3ksU\/UxjXRvvBN4I\/AAAAAAAAGMM\/MhCnGsTShCY\/s1600\/WP_000647.jpg\" style=\"clear: left; cssfloat: left; float: left; margin-bottom: 1em; margin-right: 1em;\"><img loading=\"lazy\" decoding=\"async\" border=\"0\" closure_lm_948420=\"null\" src=\"http:\/\/2.bp.blogspot.com\/-bwBndvN3ksU\/UxjXRvvBN4I\/AAAAAAAAGMM\/MhCnGsTShCY\/s1600\/WP_000647.jpg\" height=\"240\" ota=\"true\" style=\"cursor: move;\" unselectable=\"on\" width=\"320\" \/><\/a><a href=\"https:\/\/plus.google.com\/101069051287243885876\/posts\/K1HPRrJhT5w\" target=\"_blank\">Fotos Arribo<\/a> Els nens i nenes de la classe de sis\u00e8 van preparar l&#8217;Arribo del Rei Carnestoltes. Aqu\u00ed us deixem el Preg\u00f3 elaborat per ells i unes quantes imatges. Esperem que us agradi!<\/div>\n<\/div>\n<div style=\"border-bottom: medium none; border-left: medium none; border-right: medium none; border-top: medium none;\">\n<div style=\"clear: both; text-align: center;\"><a href=\"https:\/\/images-blogger-opensocial.googleusercontent.com\/gadgets\/proxy?url=http%3A%2F%2F2.bp.blogspot.com%2F-bwBndvN3ksU%2FUxjXRvvBN4I%2FAAAAAAAAGMM%2FMhCnGsTShCY%2Fs1600%2FWP_000647.jpg&amp;container=blogger&amp;gadget=a&amp;rewriteMime=image%2F*\" style=\"margin-left: 1em; margin-right: 1em;\"><img loading=\"lazy\" decoding=\"async\" border=\"0\" closure_lm_948420=\"null\" height=\"72\" src=\"https:\/\/images-blogger-opensocial.googleusercontent.com\/gadgets\/proxy?url=http%3A%2F%2F2.bp.blogspot.com%2F-bwBndvN3ksU%2FUxjXRvvBN4I%2FAAAAAAAAGMM%2FMhCnGsTShCY%2Fs1600%2FWP_000647.jpg&amp;container=blogger&amp;gadget=a&amp;rewriteMime=image%2F*\" style=\"filter: alpha(opacity=30); left: 91px; mozopacity: 0.3; opacity: 0.3; position: absolute; top: 92px; visibility: hidden;\" width=\"96\" \/><\/a><\/div>\n<div style=\"border-bottom: medium none; border-left: medium none; border-right: medium none; border-top: medium none;\"><\/div>\n<\/div>\n<div style=\"margin: 0cm 0cm 0pt;\">\n<div style=\"border-bottom: medium none; border-left: medium none; border-right: medium none; border-top: medium none;\">\n<div style=\"border-bottom: medium none; border-left: medium none; border-right: medium none; border-top: medium none;\"><a href=\"https:\/\/images-blogger-opensocial.googleusercontent.com\/gadgets\/proxy?url=http%3A%2F%2F2.bp.blogspot.com%2F-bwBndvN3ksU%2FUxjXRvvBN4I%2FAAAAAAAAGMM%2FMhCnGsTShCY%2Fs1600%2FWP_000647.jpg&amp;container=blogger&amp;gadget=a&amp;rewriteMime=image%2F*\" style=\"clear: right; cssfloat: right; float: right; margin-bottom: 1em; margin-left: 1em;\"><img loading=\"lazy\" decoding=\"async\" border=\"0\" closure_lm_948420=\"null\" height=\"72\" src=\"https:\/\/images-blogger-opensocial.googleusercontent.com\/gadgets\/proxy?url=http%3A%2F%2F2.bp.blogspot.com%2F-bwBndvN3ksU%2FUxjXRvvBN4I%2FAAAAAAAAGMM%2FMhCnGsTShCY%2Fs1600%2FWP_000647.jpg&amp;container=blogger&amp;gadget=a&amp;rewriteMime=image%2F*\" style=\"cursor: move; filter: alpha(opacity=30); left: 91px; mozopacity: 0.3; opacity: 0.3; position: absolute; top: 92px; visibility: hidden;\" unselectable=\"on\" width=\"96\" \/><\/a><b style=\"mso-bidi-font-weight: normal;\"><u><span lang=\"CA\" style=\"font-family: 'Calibri','sans-serif'; mso-ascii-theme-font: minor-latin; mso-bidi-theme-font: minor-latin; mso-hansi-theme-font: minor-latin;\">PREG\u00d3 DEL REI CARNESTOLTES<o:p><\/o:p><\/span><\/u><\/b><\/div>\n<\/div>\n<\/div>\n<div style=\"border-bottom: medium none; border-left: medium none; border-right: medium none; border-top: medium none; margin: 0cm 0cm 0pt;\"><\/div>\n<div style=\"margin: 0cm 0cm 0pt;\">\n<div style=\"border-bottom: medium none; border-left: medium none; border-right: medium none; border-top: medium none;\"><span lang=\"CA\" style=\"font-family: 'Calibri','sans-serif'; mso-ascii-theme-font: minor-latin; mso-bidi-theme-font: minor-latin; mso-hansi-theme-font: minor-latin;\">Bon dia s\u00f3c el Rei Carnestoltes<o:p><\/o:p><\/span><\/div>\n<\/div>\n<div style=\"margin: 0cm 0cm 0pt;\">\n<div style=\"border-bottom: medium none; border-left: medium none; border-right: medium none; border-top: medium none;\"><span lang=\"CA\" style=\"font-family: 'Calibri','sans-serif'; mso-ascii-theme-font: minor-latin; mso-bidi-theme-font: minor-latin; mso-hansi-theme-font: minor-latin;\">i s\u00f3c una mica poca-soltes!<o:p><\/o:p><\/span><\/div>\n<\/div>\n<div style=\"margin: 0cm 0cm 0pt;\"><span lang=\"CA\" style=\"font-family: 'Calibri','sans-serif'; mso-ascii-theme-font: minor-latin; mso-bidi-theme-font: minor-latin; mso-hansi-theme-font: minor-latin;\">Ara us llegir\u00e9 el meu preg\u00f3<o:p><\/o:p><\/span><\/div>\n<div style=\"margin: 0cm 0cm 0pt;\"><span lang=\"CA\" style=\"font-family: 'Calibri','sans-serif'; mso-ascii-theme-font: minor-latin; mso-bidi-theme-font: minor-latin; mso-hansi-theme-font: minor-latin;\">Perqu\u00e9 llegint s\u00f3c un campi\u00f3.<o:p><\/o:p><\/span><\/div>\n<div style=\"margin: 0cm 0cm 0pt;\"><span lang=\"CA\" style=\"font-family: 'Calibri','sans-serif'; mso-ascii-theme-font: minor-latin; mso-bidi-theme-font: minor-latin; mso-hansi-theme-font: minor-latin;\">Amb els noms de les classes comen\u00e7ar\u00e9 <o:p><\/o:p><\/span><\/div>\n<div style=\"margin: 0cm 0cm 0pt;\">\n<div style=\"border-bottom: medium none; border-left: medium none; border-right: medium none; border-top: medium none;\"><span lang=\"CA\" style=\"font-family: 'Calibri','sans-serif'; mso-ascii-theme-font: minor-latin; mso-bidi-theme-font: minor-latin; mso-hansi-theme-font: minor-latin;\">i amb les ordres acabar\u00e9!<o:p><\/o:p><\/span><\/div>\n<\/div>\n<div style=\"border-bottom: medium none; border-left: medium none; border-right: medium none; border-top: medium none; margin: 0cm 0cm 0pt;\">\n<div style=\"border-bottom: medium none; border-left: medium none; border-right: medium none; border-top: medium none;\"><\/div>\n<\/div>\n<div style=\"margin: 0cm 0cm 0pt;\">\n<div style=\"border-bottom: medium none; border-left: medium none; border-right: medium none; border-top: medium none;\"><span lang=\"CA\" style=\"font-family: 'Calibri','sans-serif'; mso-ascii-theme-font: minor-latin; mso-bidi-theme-font: minor-latin; mso-hansi-theme-font: minor-latin;\">Els nens i nenes de P3 tan petitons<o:p><\/o:p><\/span><\/div>\n<\/div>\n<div style=\"margin: 0cm 0cm 0pt;\"><span lang=\"CA\" style=\"font-family: 'Calibri','sans-serif'; mso-ascii-theme-font: minor-latin; mso-bidi-theme-font: minor-latin; mso-hansi-theme-font: minor-latin;\">de la classe de les pir\u00e1mides s\u00f3n els faraons.<o:p><\/o:p><\/span><\/div>\n<div style=\"border-bottom: medium none; border-left: medium none; border-right: medium none; border-top: medium none; margin: 0cm 0cm 0pt;\"><\/div>\n<div style=\"margin: 0cm 0cm 0pt;\"><span lang=\"CA\" style=\"font-family: 'Calibri','sans-serif'; mso-ascii-theme-font: minor-latin; mso-bidi-theme-font: minor-latin; mso-hansi-theme-font: minor-latin;\">La cova de P4<o:p><\/o:p><\/span><\/div>\n<div style=\"margin: 0cm 0cm 0pt;\"><span lang=\"CA\" style=\"font-family: 'Calibri','sans-serif'; mso-ascii-theme-font: minor-latin; mso-bidi-theme-font: minor-latin; mso-hansi-theme-font: minor-latin;\">espanta a m\u00e9s de quatre.<o:p><\/o:p><\/span><\/div>\n<div style=\"margin: 0cm 0cm 0pt;\"><\/div>\n<div style=\"margin: 0cm 0cm 0pt;\"><span lang=\"CA\" style=\"font-family: 'Calibri','sans-serif'; mso-ascii-theme-font: minor-latin; mso-bidi-theme-font: minor-latin; mso-hansi-theme-font: minor-latin;\">Carnestoltes des de la classe dels Castells<o:p><\/o:p><\/span><\/div>\n<div style=\"margin: 0cm 0cm 0pt;\"><span lang=\"CA\" style=\"font-family: 'Calibri','sans-serif'; mso-ascii-theme-font: minor-latin; mso-bidi-theme-font: minor-latin; mso-hansi-theme-font: minor-latin;\">us d\u00f3na aquests consells:<o:p><\/o:p><\/span><\/div>\n<div style=\"margin: 0cm 0cm 0pt;\"><span lang=\"CA\" style=\"font-family: 'Calibri','sans-serif'; mso-ascii-theme-font: minor-latin; mso-bidi-theme-font: minor-latin; mso-hansi-theme-font: minor-latin;\">per carnaval tots amb disfresses<o:p><\/o:p><\/span><\/div>\n<div style=\"margin: 0cm 0cm 0pt;\"><span lang=\"CA\" style=\"font-family: 'Calibri','sans-serif'; mso-ascii-theme-font: minor-latin; mso-bidi-theme-font: minor-latin; mso-hansi-theme-font: minor-latin;\">passeu-vos-ho b\u00e9 nens i nenes.<o:p><\/o:p><\/span><\/div>\n<div style=\"margin: 0cm 0cm 0pt;\"><\/div>\n<div style=\"margin: 0cm 0cm 0pt;\"><span lang=\"CA\" style=\"font-family: 'Calibri','sans-serif'; mso-ascii-theme-font: minor-latin; mso-bidi-theme-font: minor-latin; mso-hansi-theme-font: minor-latin;\">A la classe de P5B em fa por entrar,<o:p><\/o:p><\/span><\/div>\n<div style=\"margin: 0cm 0cm 0pt;\"><span lang=\"CA\" style=\"font-family: 'Calibri','sans-serif'; mso-ascii-theme-font: minor-latin; mso-bidi-theme-font: minor-latin; mso-hansi-theme-font: minor-latin;\">no sigui que els dinosures, em vulguin mossegar.<o:p><\/o:p><\/span><\/div>\n<div style=\"margin: 0cm 0cm 0pt;\"><\/div>\n<div style=\"margin: 0cm 0cm 0pt;\"><span lang=\"CA\" style=\"font-family: 'Calibri','sans-serif'; mso-ascii-theme-font: minor-latin; mso-bidi-theme-font: minor-latin; mso-hansi-theme-font: minor-latin;\">Els nens i nenes de la classe dels grecs<o:p><\/o:p><\/span><\/div>\n<div style=\"margin: 0cm 0cm 0pt;\"><span lang=\"CA\" style=\"font-family: 'Calibri','sans-serif'; mso-ascii-theme-font: minor-latin; mso-bidi-theme-font: minor-latin; mso-hansi-theme-font: minor-latin;\">lluiten tant que quan descansen fan cr\u00eapes.<o:p><\/o:p><\/span><\/div>\n<div style=\"margin: 0cm 0cm 0pt;\"><\/div>\n<div style=\"margin: 0cm 0cm 0pt;\"><span lang=\"CA\" style=\"font-family: 'Calibri','sans-serif'; mso-ascii-theme-font: minor-latin; mso-bidi-theme-font: minor-latin; mso-hansi-theme-font: minor-latin;\">A la classe del gladiadors<o:p><\/o:p><\/span><\/div>\n<div style=\"margin: 0cm 0cm 0pt;\"><span lang=\"CA\" style=\"font-family: 'Calibri','sans-serif'; mso-ascii-theme-font: minor-latin; mso-bidi-theme-font: minor-latin; mso-hansi-theme-font: minor-latin;\">s\u00f3n molt treballadors.<o:p><\/o:p><\/span><\/div>\n<div style=\"margin: 0cm 0cm 0pt;\"><\/div>\n<div style=\"margin: 0cm 0cm 0pt;\">\n<div style=\"border-bottom: medium none; border-left: medium none; border-right: medium none; border-top: medium none;\"><span lang=\"CA\" style=\"font-family: 'Calibri','sans-serif'; mso-ascii-theme-font: minor-latin; mso-bidi-theme-font: minor-latin; mso-hansi-theme-font: minor-latin;\">Els alumnes de la classe de la Revoluci\u00f3 Francesa<o:p><\/o:p><\/span><\/div>\n<\/div>\n<div style=\"margin: 0cm 0cm 0pt;\"><span lang=\"CA\" style=\"font-family: 'Calibri','sans-serif'; mso-ascii-theme-font: minor-latin; mso-bidi-theme-font: minor-latin; mso-hansi-theme-font: minor-latin;\">coneixen una pagesa.<o:p><\/o:p><\/span><\/div>\n<div style=\"margin: 0cm 0cm 0pt;\"><\/div>\n<div style=\"margin: 0cm 0cm 0pt;\"><span lang=\"CA\" style=\"font-family: 'Calibri','sans-serif'; mso-ascii-theme-font: minor-latin; mso-bidi-theme-font: minor-latin; mso-hansi-theme-font: minor-latin;\">Els alumnes de 3r astronautes seran<o:p><\/o:p><\/span><\/div>\n<div style=\"margin: 0cm 0cm 0pt;\">\n<div style=\"border-bottom: medium none; border-left: medium none; border-right: medium none; border-top: medium none;\"><span lang=\"CA\" style=\"font-family: 'Calibri','sans-serif'; mso-ascii-theme-font: minor-latin; mso-bidi-theme-font: minor-latin; mso-hansi-theme-font: minor-latin;\">i a la lluna viatjaran.<o:p><\/o:p><\/span><\/div>\n<\/div>\n<div style=\"margin: 0cm 0cm 0pt;\"><\/div>\n<div style=\"margin: 0cm 0cm 0pt;\"><span lang=\"CA\" style=\"font-family: 'Calibri','sans-serif'; mso-ascii-theme-font: minor-latin; mso-bidi-theme-font: minor-latin; mso-hansi-theme-font: minor-latin;\">Els nens i nenes de quart<o:p><\/o:p><\/span><\/div>\n<div style=\"margin: 0cm 0cm 0pt;\"><span lang=\"CA\" style=\"font-family: 'Calibri','sans-serif'; mso-ascii-theme-font: minor-latin; mso-bidi-theme-font: minor-latin; mso-hansi-theme-font: minor-latin;\">em tenen una mica fart.<o:p><\/o:p><\/span><\/div>\n<div style=\"margin: 0cm 0cm 0pt;\"><\/div>\n<div style=\"margin: 0cm 0cm 0pt;\"><span lang=\"CA\" style=\"font-family: 'Calibri','sans-serif'; mso-ascii-theme-font: minor-latin; mso-bidi-theme-font: minor-latin; mso-hansi-theme-font: minor-latin;\">La classe del Far West<o:p><\/o:p><\/span><\/div>\n<div style=\"margin: 0cm 0cm 0pt;\"><span lang=\"CA\" style=\"font-family: 'Calibri','sans-serif'; mso-ascii-theme-font: minor-latin; mso-bidi-theme-font: minor-latin; mso-hansi-theme-font: minor-latin;\">tot \u00e9s del rev\u00e9s.<o:p><\/o:p><\/span><\/div>\n<div style=\"margin: 0cm 0cm 0pt;\"><\/div>\n<div style=\"margin: 0cm 0cm 0pt;\"><span lang=\"CA\" style=\"font-family: 'Calibri','sans-serif'; mso-ascii-theme-font: minor-latin; mso-bidi-theme-font: minor-latin; mso-hansi-theme-font: minor-latin;\">La classe del Big Bang va explotar <o:p><\/o:p><\/span><\/div>\n<div style=\"margin: 0cm 0cm 0pt;\"><span lang=\"CA\" style=\"font-family: 'Calibri','sans-serif'; mso-ascii-theme-font: minor-latin; mso-bidi-theme-font: minor-latin; mso-hansi-theme-font: minor-latin;\">i l\u2019univers es va crear.<o:p><\/o:p><\/span><\/div>\n<div style=\"margin: 0cm 0cm 0pt;\"><\/div>\n<div style=\"margin: 0cm 0cm 0pt;\"><span lang=\"CA\" style=\"font-family: 'Calibri','sans-serif'; mso-ascii-theme-font: minor-latin; mso-bidi-theme-font: minor-latin; mso-hansi-theme-font: minor-latin;\">Els de la classe de sis\u00e8 s\u00f3n especials<o:p><\/o:p><\/span><\/div>\n<div style=\"margin: 0cm 0cm 0pt;\"><span lang=\"CA\" style=\"font-family: 'Calibri','sans-serif'; mso-ascii-theme-font: minor-latin; mso-bidi-theme-font: minor-latin; mso-hansi-theme-font: minor-latin;\">perqu\u00e8 aquest any s\u00f3n els m\u00e9s grans.<o:p><\/o:p><\/span><\/div>\n<div style=\"margin: 0cm 0cm 0pt;\"><\/div>\n<div style=\"margin: 0cm 0cm 0pt;\"><span lang=\"CA\" style=\"font-family: 'Calibri','sans-serif'; mso-ascii-theme-font: minor-latin; mso-bidi-theme-font: minor-latin; mso-hansi-theme-font: minor-latin;\">Ara comen\u00e7arem amb els mestres<o:p><\/o:p><\/span><\/div>\n<div style=\"margin: 0cm 0cm 0pt;\"><span lang=\"CA\" style=\"font-family: 'Calibri','sans-serif'; mso-ascii-theme-font: minor-latin; mso-bidi-theme-font: minor-latin; mso-hansi-theme-font: minor-latin;\">que tamb\u00e9 els hi agraden les festes!<o:p><\/o:p><\/span><\/div>\n<div style=\"margin: 0cm 0cm 0pt;\"><\/div>\n<div style=\"margin: 0cm 0cm 0pt;\">\n<div style=\"border-bottom: medium none; border-left: medium none; border-right: medium none; border-top: medium none;\"><span lang=\"CA\" style=\"font-family: 'Calibri','sans-serif'; mso-ascii-theme-font: minor-latin; mso-bidi-theme-font: minor-latin; mso-hansi-theme-font: minor-latin;\">Raquel, Raqueleta <o:p><\/o:p><\/span><\/div>\n<\/div>\n<div style=\"margin: 0cm 0cm 0pt;\"><span lang=\"CA\" style=\"font-family: 'Calibri','sans-serif'; mso-ascii-theme-font: minor-latin; mso-bidi-theme-font: minor-latin; mso-hansi-theme-font: minor-latin;\">que a la teva classe sempre li fas galetetes.<o:p><\/o:p><\/span><\/div>\n<div style=\"margin: 0cm 0cm 0pt;\"><\/div>\n<div style=\"margin: 0cm 0cm 0pt;\"><span lang=\"CA\" style=\"font-family: 'Calibri','sans-serif'; mso-ascii-theme-font: minor-latin; mso-bidi-theme-font: minor-latin; mso-hansi-theme-font: minor-latin;\">La Marian va estar de baixa <o:p><\/o:p><\/span><\/div>\n<div style=\"margin: 0cm 0cm 0pt;\"><span lang=\"CA\" style=\"font-family: 'Calibri','sans-serif'; mso-ascii-theme-font: minor-latin; mso-bidi-theme-font: minor-latin; mso-hansi-theme-font: minor-latin;\">fins que <span style=\"mso-spacerun: yes;\">&nbsp;<\/span>van acabar les rebaixes.<o:p><\/o:p><\/span><\/div>\n<div style=\"margin: 0cm 0cm 0pt;\"><\/div>\n<div style=\"margin: 0cm 0cm 0pt;\"><span lang=\"CA\" style=\"font-family: 'Calibri','sans-serif'; mso-ascii-theme-font: minor-latin; mso-bidi-theme-font: minor-latin; mso-hansi-theme-font: minor-latin;\">Nuri, Nurieta<o:p><\/o:p><\/span><\/div>\n<div style=\"margin: 0cm 0cm 0pt;\"><span lang=\"CA\" style=\"font-family: 'Calibri','sans-serif'; mso-ascii-theme-font: minor-latin; mso-bidi-theme-font: minor-latin; mso-hansi-theme-font: minor-latin;\">toca la pandereta.<o:p><\/o:p><\/span><\/div>\n<div style=\"margin: 0cm 0cm 0pt;\"><\/div>\n<div style=\"margin: 0cm 0cm 0pt;\"><span lang=\"CA\" style=\"font-family: 'Calibri','sans-serif'; mso-ascii-theme-font: minor-latin; mso-bidi-theme-font: minor-latin; mso-hansi-theme-font: minor-latin;\">Amb la Mili fent de mestra <o:p><\/o:p><\/span><\/div>\n<div style=\"margin: 0cm 0cm 0pt;\"><span lang=\"CA\" style=\"font-family: 'Calibri','sans-serif'; mso-ascii-theme-font: minor-latin; mso-bidi-theme-font: minor-latin; mso-hansi-theme-font: minor-latin;\">tot m\u00e9s f\u00e0cil d\u2019entendre.<o:p><\/o:p><\/span><\/div>\n<div style=\"margin: 0cm 0cm 0pt;\"><span lang=\"CA\" style=\"font-family: 'Calibri','sans-serif'; mso-ascii-theme-font: minor-latin; mso-bidi-theme-font: minor-latin; mso-hansi-theme-font: minor-latin;\">Les lli\u00e7ons que ha explicat<o:p><\/o:p><\/span><\/div>\n<div style=\"margin: 0cm 0cm 0pt;\"><span lang=\"CA\" style=\"font-family: 'Calibri','sans-serif'; mso-ascii-theme-font: minor-latin; mso-bidi-theme-font: minor-latin; mso-hansi-theme-font: minor-latin;\">els nens i nenes no han oblidat.<o:p><\/o:p><\/span><\/div>\n<div style=\"margin: 0cm 0cm 0pt;\"><\/div>\n<div style=\"margin: 0cm 0cm 0pt;\"><span lang=\"CA\" style=\"font-family: 'Calibri','sans-serif'; mso-ascii-theme-font: minor-latin; mso-bidi-theme-font: minor-latin; mso-hansi-theme-font: minor-latin;\">La Mireia<o:p><\/o:p><\/span><\/div>\n<div style=\"margin: 0cm 0cm 0pt;\"><span lang=\"CA\" style=\"font-family: 'Calibri','sans-serif'; mso-ascii-theme-font: minor-latin; mso-bidi-theme-font: minor-latin; mso-hansi-theme-font: minor-latin;\">mai es far\u00e0 vella.<o:p><\/o:p><\/span><\/div>\n<div style=\"margin: 0cm 0cm 0pt;\"><\/div>\n<div style=\"margin: 0cm 0cm 0pt;\">\n<div style=\"border-bottom: medium none; border-left: medium none; border-right: medium none; border-top: medium none;\"><span lang=\"CA\" style=\"font-family: 'Calibri','sans-serif'; mso-ascii-theme-font: minor-latin; mso-bidi-theme-font: minor-latin; mso-hansi-theme-font: minor-latin;\">La Carmen \u00e9s tutora de segon<o:p><\/o:p><\/span><\/div>\n<\/div>\n<div style=\"margin: 0cm 0cm 0pt;\">\n<div style=\"border-bottom: medium none; border-left: medium none; border-right: medium none; border-top: medium none;\"><span lang=\"CA\" style=\"font-family: 'Calibri','sans-serif'; mso-ascii-theme-font: minor-latin; mso-bidi-theme-font: minor-latin; mso-hansi-theme-font: minor-latin;\">i els fa treballar \u201cmogoll\u00f3n\u201d.<o:p><\/o:p><\/span><\/div>\n<\/div>\n<div style=\"margin: 0cm 0cm 0pt;\"><\/div>\n<div style=\"margin: 0cm 0cm 0pt;\"><span lang=\"CA\" style=\"font-family: 'Calibri','sans-serif'; mso-ascii-theme-font: minor-latin; mso-bidi-theme-font: minor-latin; mso-hansi-theme-font: minor-latin;\">El Marcos quan va venir,<o:p><\/o:p><\/span><\/div>\n<div style=\"margin: 0cm 0cm 0pt;\"><span lang=\"CA\" style=\"font-family: 'Calibri','sans-serif'; mso-ascii-theme-font: minor-latin; mso-bidi-theme-font: minor-latin; mso-hansi-theme-font: minor-latin;\">per tot s\u2019estava oferint, <o:p><\/o:p><\/span><\/div>\n<div style=\"margin: 0cm 0cm 0pt;\"><span lang=\"CA\" style=\"font-family: 'Calibri','sans-serif'; mso-ascii-theme-font: minor-latin; mso-bidi-theme-font: minor-latin; mso-hansi-theme-font: minor-latin;\">per\u00f2 ara amb la gent que hi ha<o:p><\/o:p><\/span><\/div>\n<div style=\"margin: 0cm 0cm 0pt;\"><span lang=\"CA\" style=\"font-family: 'Calibri','sans-serif'; mso-ascii-theme-font: minor-latin; mso-bidi-theme-font: minor-latin; mso-hansi-theme-font: minor-latin;\">no s\u00e9 on s\u2019oferir\u00e0.<o:p><\/o:p><\/span><\/div>\n<div style=\"margin: 0cm 0cm 0pt;\"><\/div>\n<div style=\"margin: 0cm 0cm 0pt;\"><span lang=\"CA\" style=\"font-family: 'Calibri','sans-serif'; mso-ascii-theme-font: minor-latin; mso-bidi-theme-font: minor-latin; mso-hansi-theme-font: minor-latin;\">La Cuca t\u00e9 ratolinets<o:p><\/o:p><\/span><\/div>\n<div style=\"margin: 0cm 0cm 0pt;\"><span lang=\"CA\" style=\"font-family: 'Calibri','sans-serif'; mso-ascii-theme-font: minor-latin; mso-bidi-theme-font: minor-latin; mso-hansi-theme-font: minor-latin;\">fins i tot sota el seu llitet.<o:p><\/o:p><\/span><\/div>\n<div style=\"margin: 0cm 0cm 0pt;\"><\/div>\n<div style=\"margin: 0cm 0cm 0pt;\"><span lang=\"CA\" style=\"font-family: 'Calibri','sans-serif'; mso-ascii-theme-font: minor-latin; mso-bidi-theme-font: minor-latin; mso-hansi-theme-font: minor-latin;\">L\u2019Anna \u00e9s la<span style=\"mso-spacerun: yes;\">&nbsp; <\/span>\u201cprofe\u201d de l\u2019hort <o:p><\/o:p><\/span><\/div>\n<div style=\"margin: 0cm 0cm 0pt;\"><span lang=\"CA\" style=\"font-family: 'Calibri','sans-serif'; mso-ascii-theme-font: minor-latin; mso-bidi-theme-font: minor-latin; mso-hansi-theme-font: minor-latin;\">i \u00e9s la millor <o:p><\/o:p><\/span><\/div>\n<div style=\"margin: 0cm 0cm 0pt;\"><span lang=\"CA\" style=\"font-family: 'Calibri','sans-serif'; mso-ascii-theme-font: minor-latin; mso-bidi-theme-font: minor-latin; mso-hansi-theme-font: minor-latin;\">perqu\u00e8 ens<span style=\"mso-spacerun: yes;\">&nbsp; <\/span>t\u00e9<span style=\"mso-spacerun: yes;\">&nbsp; <\/span>a<span style=\"mso-spacerun: yes;\">&nbsp; <\/span>tots dins del seu cor.<o:p><\/o:p><\/span><\/div>\n<div style=\"margin: 0cm 0cm 0pt;\"><\/div>\n<div style=\"margin: 0cm 0cm 0pt;\"><span lang=\"CA\" style=\"font-family: 'Calibri','sans-serif'; mso-ascii-theme-font: minor-latin; mso-bidi-theme-font: minor-latin; mso-hansi-theme-font: minor-latin;\">Al G\u00famer li agraden molt els escacs<o:p><\/o:p><\/span><\/div>\n<div style=\"margin: 0cm 0cm 0pt;\"><span lang=\"CA\" style=\"font-family: 'Calibri','sans-serif'; mso-ascii-theme-font: minor-latin; mso-bidi-theme-font: minor-latin; mso-hansi-theme-font: minor-latin;\">per aix\u00f2 ha guanyat alguns campionats.<o:p><\/o:p><\/span><\/div>\n<div style=\"margin: 0cm 0cm 0pt;\"><\/div>\n<div style=\"margin: 0cm 0cm 0pt;\"><span lang=\"CA\" style=\"font-family: 'Calibri','sans-serif'; mso-ascii-theme-font: minor-latin; mso-bidi-theme-font: minor-latin; mso-hansi-theme-font: minor-latin;\">La Maria ben atrafegada,<o:p><\/o:p><\/span><\/div>\n<div style=\"margin: 0cm 0cm 0pt;\">\n<div style=\"border-bottom: medium none; border-left: medium none; border-right: medium none; border-top: medium none;\"><span lang=\"CA\" style=\"font-family: 'Calibri','sans-serif'; mso-ascii-theme-font: minor-latin; mso-bidi-theme-font: minor-latin; mso-hansi-theme-font: minor-latin;\">els nens de 5\u00e8 la tenen atabalada.<o:p><\/o:p><\/span><\/div>\n<\/div>\n<div style=\"margin: 0cm 0cm 0pt;\"><\/div>\n<div style=\"margin: 0cm 0cm 0pt;\">\n<div style=\"border-bottom: medium none; border-left: medium none; border-right: medium none; border-top: medium none;\"><span lang=\"CA\" style=\"font-family: 'Calibri','sans-serif'; mso-ascii-theme-font: minor-latin; mso-bidi-theme-font: minor-latin; mso-hansi-theme-font: minor-latin;\">Si a la Marina no li fas cas,<o:p><\/o:p><\/span><\/div>\n<\/div>\n<div style=\"margin: 0cm 0cm 0pt;\"><span lang=\"CA\" style=\"font-family: 'Calibri','sans-serif'; mso-ascii-theme-font: minor-latin; mso-bidi-theme-font: minor-latin; mso-hansi-theme-font: minor-latin;\">al viatge de final de curs no hi anir\u00e0s.<o:p><\/o:p><\/span><\/div>\n<div style=\"margin: 0cm 0cm 0pt;\"><\/div>\n<div style=\"margin: 0cm 0cm 0pt;\">\n<div style=\"border-bottom: medium none; border-left: medium none; border-right: medium none; border-top: medium none;\"><span lang=\"CA\" style=\"font-family: 'Calibri','sans-serif'; mso-ascii-theme-font: minor-latin; mso-bidi-theme-font: minor-latin; mso-hansi-theme-font: minor-latin;\">L\u2019 Ignasi \u00e9s molt religi\u00f3s <o:p><\/o:p><\/span><\/div>\n<\/div>\n<div style=\"margin: 0cm 0cm 0pt;\"><span lang=\"CA\" style=\"font-family: 'Calibri','sans-serif'; mso-ascii-theme-font: minor-latin; mso-bidi-theme-font: minor-latin; mso-hansi-theme-font: minor-latin;\">perqu\u00e8 creu en el D\u00e9u tot poder\u00f3s.<o:p><\/o:p><\/span><\/div>\n<div style=\"margin: 0cm 0cm 0pt;\"><\/div>\n<div style=\"margin: 0cm 0cm 0pt;\">\n<div style=\"border-bottom: medium none; border-left: medium none; border-right: medium none; border-top: medium none;\"><span lang=\"CA\" style=\"font-family: 'Calibri','sans-serif'; mso-ascii-theme-font: minor-latin; mso-bidi-theme-font: minor-latin; mso-hansi-theme-font: minor-latin;\">A l\u2019 Eul\u00e0lia li encanta l\u2019angl\u00e8s <o:p><\/o:p><\/span><\/div>\n<\/div>\n<div style=\"margin: 0cm 0cm 0pt;\"><span lang=\"CA\" style=\"font-family: 'Calibri','sans-serif'; mso-ascii-theme-font: minor-latin; mso-bidi-theme-font: minor-latin; mso-hansi-theme-font: minor-latin;\">per\u00f2 ning\u00fa no l\u2019ent\u00e9n de res.<o:p><\/o:p><\/span><\/div>\n<div style=\"margin: 0cm 0cm 0pt;\"><\/div>\n<div style=\"margin: 0cm 0cm 0pt;\"><span lang=\"CA\" style=\"font-family: 'Calibri','sans-serif'; mso-ascii-theme-font: minor-latin; mso-bidi-theme-font: minor-latin; mso-hansi-theme-font: minor-latin;\">La Meritxell \u00e9s alta com un pi<o:p><\/o:p><\/span><\/div>\n<div style=\"margin: 0cm 0cm 0pt;\">\n<div style=\"border-bottom: medium none; border-left: medium none; border-right: medium none; border-top: medium none;\"><span lang=\"CA\" style=\"font-family: 'Calibri','sans-serif'; mso-ascii-theme-font: minor-latin; mso-bidi-theme-font: minor-latin; mso-hansi-theme-font: minor-latin;\">perqu\u00e8 menjava molts Petit Suisse.<o:p><\/o:p><\/span><\/div>\n<\/div>\n<div style=\"margin: 0cm 0cm 0pt;\"><\/div>\n<div style=\"margin: 0cm 0cm 0pt;\">\n<div style=\"border-bottom: medium none; border-left: medium none; border-right: medium none; border-top: medium none;\"><span lang=\"CA\" style=\"font-family: 'Calibri','sans-serif'; mso-ascii-theme-font: minor-latin; mso-bidi-theme-font: minor-latin; mso-hansi-theme-font: minor-latin;\">El David, un dels \u201cprofes\u201d d\u2019angl\u00e8s, <o:p><\/o:p><\/span><\/div>\n<\/div>\n<div style=\"margin: 0cm 0cm 0pt;\"><span lang=\"CA\" style=\"font-family: 'Calibri','sans-serif'; mso-ascii-theme-font: minor-latin; mso-bidi-theme-font: minor-latin; mso-hansi-theme-font: minor-latin;\">fa que els alumnes a les seves classes<o:p><\/o:p><\/span><\/div>\n<div style=\"margin: 0cm 0cm 0pt;\">\n<div style=\"border-bottom: medium none; border-left: medium none; border-right: medium none; border-top: medium none;\"><span lang=\"CA\" style=\"font-family: 'Calibri','sans-serif'; mso-ascii-theme-font: minor-latin; mso-bidi-theme-font: minor-latin; mso-hansi-theme-font: minor-latin;\">hi posin molt d\u2019 inter\u00e9s.<o:p><\/o:p><\/span><\/div>\n<\/div>\n<div style=\"border-bottom: medium none; border-left: medium none; border-right: medium none; border-top: medium none; margin: 0cm 0cm 0pt;\"><\/div>\n<div style=\"margin: 0cm 0cm 0pt;\">\n<div style=\"border-bottom: medium none; border-left: medium none; border-right: medium none; border-top: medium none;\"><span lang=\"CA\" style=\"font-family: 'Calibri','sans-serif'; mso-ascii-theme-font: minor-latin; mso-bidi-theme-font: minor-latin; mso-hansi-theme-font: minor-latin;\">El Pep professor d\u2019 Educaci\u00f3 Fisica i de Psicomotricitat <o:p><\/o:p><\/span><\/div>\n<\/div>\n<div style=\"margin: 0cm 0cm 0pt;\"><span lang=\"CA\" style=\"font-family: 'Calibri','sans-serif'; mso-ascii-theme-font: minor-latin; mso-bidi-theme-font: minor-latin; mso-hansi-theme-font: minor-latin;\">sempre es preocupa pel nostre estat.<o:p><\/o:p><\/span><\/div>\n<div style=\"border-bottom: medium none; border-left: medium none; border-right: medium none; border-top: medium none; margin: 0cm 0cm 0pt;\"><\/div>\n<div style=\"margin: 0cm 0cm 0pt;\">\n<div style=\"border-bottom: medium none; border-left: medium none; border-right: medium none; border-top: medium none;\"><span lang=\"CA\" style=\"font-family: 'Calibri','sans-serif'; mso-ascii-theme-font: minor-latin; mso-bidi-theme-font: minor-latin; mso-hansi-theme-font: minor-latin;\">Professora de m\u00fasica i directora,<o:p><\/o:p><\/span><\/div>\n<\/div>\n<div style=\"margin: 0cm 0cm 0pt;\"><span lang=\"CA\" style=\"font-family: 'Calibri','sans-serif'; mso-ascii-theme-font: minor-latin; mso-bidi-theme-font: minor-latin; mso-hansi-theme-font: minor-latin;\">la M\u00f2nica no para ni una hora.<o:p><\/o:p><\/span><\/div>\n<div style=\"border-bottom: medium none; border-left: medium none; border-right: medium none; border-top: medium none; margin: 0cm 0cm 0pt;\"><\/div>\n<div style=\"margin: 0cm 0cm 0pt;\"><\/div>\n<div style=\"margin: 0cm 0cm 0pt;\"><span lang=\"CA\" style=\"font-family: 'Calibri','sans-serif'; mso-ascii-theme-font: minor-latin; mso-bidi-theme-font: minor-latin; mso-hansi-theme-font: minor-latin;\">La Marga \u00e9s treballadora <o:p><\/o:p><\/span><\/div>\n<div style=\"margin: 0cm 0cm 0pt;\"><span lang=\"CA\" style=\"font-family: 'Calibri','sans-serif'; mso-ascii-theme-font: minor-latin; mso-bidi-theme-font: minor-latin; mso-hansi-theme-font: minor-latin;\">perqu\u00e8 est\u00e0 ajudant a la Marina a tota hora.<o:p><\/o:p><\/span><\/div>\n<div style=\"margin: 0cm 0cm 0pt;\"><\/div>\n<div style=\"margin: 0cm 0cm 0pt;\">\n<div style=\"border-bottom: medium none; border-left: medium none; border-right: medium none; border-top: medium none;\"><span lang=\"CA\" style=\"font-family: 'Calibri','sans-serif'; mso-ascii-theme-font: minor-latin; mso-bidi-theme-font: minor-latin; mso-hansi-theme-font: minor-latin;\">L\u2019Eva \u00e9s molt carinyosa<o:p><\/o:p><\/span><\/div>\n<\/div>\n<div style=\"margin: 0cm 0cm 0pt;\"><span lang=\"CA\" style=\"font-family: 'Calibri','sans-serif'; mso-ascii-theme-font: minor-latin; mso-bidi-theme-font: minor-latin; mso-hansi-theme-font: minor-latin;\">i una mica amorosa<o:p><\/o:p><\/span><\/div>\n<div style=\"margin: 0cm 0cm 0pt;\">\n<div style=\"border-bottom: medium none; border-left: medium none; border-right: medium none; border-top: medium none;\"><span lang=\"CA\" style=\"font-family: 'Calibri','sans-serif'; mso-ascii-theme-font: minor-latin; mso-bidi-theme-font: minor-latin; mso-hansi-theme-font: minor-latin;\">amb els nens i nenes de l\u2019escola s\u2019ho passa bomba.<o:p><\/o:p><\/span><\/div>\n<\/div>\n<div style=\"border-bottom: medium none; border-left: medium none; border-right: medium none; border-top: medium none; margin: 0cm 0cm 0pt;\"><\/div>\n<div style=\"margin: 0cm 0cm 0pt;\">\n<div style=\"border-bottom: medium none; border-left: medium none; border-right: medium none; border-top: medium none;\"><span lang=\"CA\" style=\"font-family: 'Calibri','sans-serif'; mso-ascii-theme-font: minor-latin; mso-bidi-theme-font: minor-latin; mso-hansi-theme-font: minor-latin;\">L\u2019Enric <o:p><\/o:p><\/span><\/div>\n<\/div>\n<div style=\"margin: 0cm 0cm 0pt;\"><span lang=\"CA\" style=\"font-family: 'Calibri','sans-serif'; mso-ascii-theme-font: minor-latin; mso-bidi-theme-font: minor-latin; mso-hansi-theme-font: minor-latin;\">\u00c9s el nostre amic.<o:p><\/o:p><\/span><\/div>\n<div style=\"margin: 0cm 0cm 0pt;\"><\/div>\n<div style=\"margin: 0cm 0cm 0pt;\"><span lang=\"CA\" style=\"font-family: 'Calibri','sans-serif'; mso-ascii-theme-font: minor-latin; mso-bidi-theme-font: minor-latin; mso-hansi-theme-font: minor-latin;\">L\u2019Esther de l\u2019acollida <o:p><\/o:p><\/span><\/div>\n<div style=\"margin: 0cm 0cm 0pt;\"><span lang=\"CA\" style=\"font-family: 'Calibri','sans-serif'; mso-ascii-theme-font: minor-latin; mso-bidi-theme-font: minor-latin; mso-hansi-theme-font: minor-latin;\">Sempre ens diu bon dia!<o:p><\/o:p><\/span><\/div>\n<div style=\"margin: 0cm 0cm 0pt;\"><\/div>\n<div style=\"margin: 0cm 0cm 0pt;\"><span lang=\"CA\" style=\"font-family: 'Calibri','sans-serif'; mso-ascii-theme-font: minor-latin; mso-bidi-theme-font: minor-latin; mso-hansi-theme-font: minor-latin;\">La Lucia la cuinera<o:p><\/o:p><\/span><\/div>\n<div style=\"margin: 0cm 0cm 0pt;\"><span lang=\"CA\" style=\"font-family: 'Calibri','sans-serif'; mso-ascii-theme-font: minor-latin; mso-bidi-theme-font: minor-latin; mso-hansi-theme-font: minor-latin;\">Professional i de primera.<o:p><\/o:p><\/span><\/div>\n<div style=\"margin: 0cm 0cm 0pt;\"><span lang=\"CA\" style=\"font-family: 'Calibri','sans-serif'; mso-ascii-theme-font: minor-latin; mso-bidi-theme-font: minor-latin; mso-hansi-theme-font: minor-latin;\">Les encarregades del menjador <o:p><\/o:p><\/span><\/div>\n<div style=\"margin: 0cm 0cm 0pt;\"><span lang=\"CA\" style=\"font-family: 'Calibri','sans-serif'; mso-ascii-theme-font: minor-latin; mso-bidi-theme-font: minor-latin; mso-hansi-theme-font: minor-latin;\">Reparteixen menjar per a tots!<o:p><\/o:p><\/span><\/div>\n<div style=\"margin: 0cm 0cm 0pt;\"><\/div>\n<div style=\"margin: 0cm 0cm 0pt;\"><span lang=\"CA\" style=\"font-family: 'Calibri','sans-serif'; mso-ascii-theme-font: minor-latin; mso-bidi-theme-font: minor-latin; mso-hansi-theme-font: minor-latin;\">Les dones de la neteja <o:p><\/o:p><\/span><\/div>\n<div style=\"margin: 0cm 0cm 0pt;\"><span lang=\"CA\" style=\"font-family: 'Calibri','sans-serif'; mso-ascii-theme-font: minor-latin; mso-bidi-theme-font: minor-latin; mso-hansi-theme-font: minor-latin;\">Han de netejar<o:p><\/o:p><\/span><\/div>\n<div style=\"margin: 0cm 0cm 0pt;\">\n<div style=\"border-bottom: medium none; border-left: medium none; border-right: medium none; border-top: medium none;\"><span lang=\"CA\" style=\"font-family: 'Calibri','sans-serif'; mso-ascii-theme-font: minor-latin; mso-bidi-theme-font: minor-latin; mso-hansi-theme-font: minor-latin;\">Perqu\u00e8 el seu sou s\u2019han de guanyar.<o:p><\/o:p><\/span><\/div>\n<\/div>\n<div style=\"margin: 0cm 0cm 0pt;\"><\/div>\n<div style=\"margin: 0cm 0cm 0pt;\"><span lang=\"CA\" style=\"font-family: 'Calibri','sans-serif'; mso-ascii-theme-font: minor-latin; mso-bidi-theme-font: minor-latin; mso-hansi-theme-font: minor-latin;\">Els de l\u2019AMPA<o:p><\/o:p><\/span><\/div>\n<div style=\"margin: 0cm 0cm 0pt;\"><span lang=\"CA\" style=\"font-family: 'Calibri','sans-serif'; mso-ascii-theme-font: minor-latin; mso-bidi-theme-font: minor-latin; mso-hansi-theme-font: minor-latin;\">Sempre ens enxampen.<o:p><\/o:p><\/span><\/div>\n<div style=\"margin: 0cm 0cm 0pt;\"><\/div>\n<div style=\"margin: 0cm 0cm 0pt;\">\n<div style=\"border-bottom: medium none; border-left: medium none; border-right: medium none; border-top: medium none;\"><span lang=\"CA\" style=\"font-family: 'Calibri','sans-serif'; mso-ascii-theme-font: minor-latin; mso-bidi-theme-font: minor-latin; mso-hansi-theme-font: minor-latin;\">Per acabar<o:p><\/o:p><\/span><\/div>\n<\/div>\n<div style=\"margin: 0cm 0cm 0pt;\"><span lang=\"CA\" style=\"font-family: 'Calibri','sans-serif'; mso-ascii-theme-font: minor-latin; mso-bidi-theme-font: minor-latin; mso-hansi-theme-font: minor-latin;\">l\u2019ordre de dem\u00e0:<o:p><\/o:p><\/span><\/div>\n<div style=\"margin: 0cm 0cm 0pt;\"><span lang=\"CA\" style=\"font-family: 'Calibri','sans-serif'; mso-ascii-theme-font: minor-latin; mso-bidi-theme-font: minor-latin; mso-hansi-theme-font: minor-latin;\">si amb la ci\u00e8ncia vols treballar<o:p><\/o:p><\/span><\/div>\n<div style=\"margin: 0cm 0cm 0pt;\"><span lang=\"CA\" style=\"font-family: 'Calibri','sans-serif'; mso-ascii-theme-font: minor-latin; mso-bidi-theme-font: minor-latin; mso-hansi-theme-font: minor-latin;\">unes ulleres d\u2019inventor haur\u00e0s de portar,<o:p><\/o:p><\/span><\/div>\n<div style=\"margin: 0cm 0cm 0pt;\"><span lang=\"CA\" style=\"font-family: 'Calibri','sans-serif'; mso-ascii-theme-font: minor-latin; mso-bidi-theme-font: minor-latin; mso-hansi-theme-font: minor-latin;\">i si al Carnestoltes no fas cas,<o:p><\/o:p><\/span><\/div>\n<div style=\"margin: 0cm 0cm 0pt;\"><span lang=\"CA\" style=\"font-family: 'Calibri','sans-serif'; mso-ascii-theme-font: minor-latin; mso-bidi-theme-font: minor-latin; mso-hansi-theme-font: minor-latin;\">una sorpresa al nas et portar\u00e0s!<o:p><\/o:p><\/span><\/div>\n<p><img loading=\"lazy\" decoding=\"async\" closure_lm_948420=\"null\" height=\"72\" src=\"https:\/\/images-blogger-opensocial.googleusercontent.com\/gadgets\/proxy?url=http%3A%2F%2F2.bp.blogspot.com%2F-bwBndvN3ksU%2FUxjXRvvBN4I%2FAAAAAAAAGMM%2FMhCnGsTShCY%2Fs1600%2FWP_000647.jpg&amp;container=blogger&amp;gadget=a&amp;rewriteMime=image%2F*\" style=\"filter: alpha(opacity=30); left: 91px; mozopacity: 0.3; opacity: 0.3; position: absolute; top: 92px; visibility: hidden;\" width=\"96\" \/><img loading=\"lazy\" decoding=\"async\" closure_lm_948420=\"null\" height=\"72\" src=\"https:\/\/images-blogger-opensocial.googleusercontent.com\/gadgets\/proxy?url=http%3A%2F%2F2.bp.blogspot.com%2F-bwBndvN3ksU%2FUxjXRvvBN4I%2FAAAAAAAAGMM%2FMhCnGsTShCY%2Fs1600%2FWP_000647.jpg&amp;container=blogger&amp;gadget=a&amp;rewriteMime=image%2F*\" style=\"filter: alpha(opacity=30); left: 82px; mozopacity: 0.3; opacity: 0.3; position: absolute; top: 48px; visibility: hidden;\" width=\"96\" \/><\/p>\n","protected":false},"excerpt":{"rendered":"<p><a href=\"http:\/\/2.bp.blogspot.com\/-bwBndvN3ksU\/UxjXRvvBN4I\/AAAAAAAAGMM\/MhCnGsTShCY\/s1600\/WP_000647.jpg\" style=\"clear: left; cssfloat: left; float: left; margin-bottom: 1em; margin-right: 1em;\"><\/a><a href=\"https:\/\/plus.google.com\/101069051287243885876\/posts\/K1HPRrJhT5w\" target=\"_blank\">Fotos Arribo<\/a> Els nens i nenes de la classe de sis\u00e8 van preparar l&#8217;Arribo del Rei Carnestoltes. Aqu\u00ed us deixem el Preg\u00f3 elaborat per ells i unes quantes imatges. Esperem que us&hellip;  <a href=\"https:\/\/agora.xtec.cat\/ceipelsametllers\/primaria\/6e\/arribo-rei-carnestoltes\/\" title=\"Read Arribo Rei Carnestoltes\">Llegeix m\u00e9s\u00bb<\/a><\/p>\n","protected":false},"author":1,"featured_media":0,"comment_status":"open","ping_status":"open","sticky":false,"template":"","format":"standard","meta":{"_bbp_topic_count":0,"_bbp_reply_count":0,"_bbp_total_topic_count":0,"_bbp_total_reply_count":0,"_bbp_voice_count":0,"_bbp_anonymous_reply_count":0,"_bbp_topic_count_hidden":0,"_bbp_reply_count_hidden":0,"_bbp_forum_subforum_count":0,"footnotes":""},"categories":[15],"tags":[],"class_list":["post-553","post","type-post","status-publish","format-standard","hentry","category-6e"],"post_mailing_queue_ids":[],"_links":{"self":[{"href":"https:\/\/agora.xtec.cat\/ceipelsametllers\/wp-json\/wp\/v2\/posts\/553","targetHints":{"allow":["GET"]}}],"collection":[{"href":"https:\/\/agora.xtec.cat\/ceipelsametllers\/wp-json\/wp\/v2\/posts"}],"about":[{"href":"https:\/\/agora.xtec.cat\/ceipelsametllers\/wp-json\/wp\/v2\/types\/post"}],"author":[{"embeddable":true,"href":"https:\/\/agora.xtec.cat\/ceipelsametllers\/wp-json\/wp\/v2\/users\/1"}],"replies":[{"embeddable":true,"href":"https:\/\/agora.xtec.cat\/ceipelsametllers\/wp-json\/wp\/v2\/comments?post=553"}],"version-history":[{"count":0,"href":"https:\/\/agora.xtec.cat\/ceipelsametllers\/wp-json\/wp\/v2\/posts\/553\/revisions"}],"wp:attachment":[{"href":"https:\/\/agora.xtec.cat\/ceipelsametllers\/wp-json\/wp\/v2\/media?parent=553"}],"wp:term":[{"taxonomy":"category","embeddable":true,"href":"https:\/\/agora.xtec.cat\/ceipelsametllers\/wp-json\/wp\/v2\/categories?post=553"},{"taxonomy":"post_tag","embeddable":true,"href":"https:\/\/agora.xtec.cat\/ceipelsametllers\/wp-json\/wp\/v2\/tags?post=553"}],"curies":[{"name":"wp","href":"https:\/\/api.w.org\/{rel}","templated":true}]}}