{"id":552,"date":"2014-03-11T14:13:00","date_gmt":"2014-03-11T13:13:00","guid":{"rendered":"http:\/\/agora.xtec.cat\/ceipelsametllers\/general\/dijous-gras-2014\/"},"modified":"2014-03-11T14:13:00","modified_gmt":"2014-03-11T13:13:00","slug":"dijous-gras-2014","status":"publish","type":"post","link":"https:\/\/agora.xtec.cat\/ceipelsametllers\/infantil\/i3\/dijous-gras-2014\/","title":{"rendered":"Dijous gras 2014"},"content":{"rendered":"<p>El passat dijous dia 27 de febrer a l&#8217;escola vam celebrar el Dijous Gras, com cada any, per cicles, vam anar-hi a passar el dia fora de l&#8217;escola.<br \/>Els nens i nenes d&#8217;infantil van anar als garrofers, cicle inicial i tercer vam anar a l&#8217;Hort de Cal Marxant on vam con\u00e8ixer que \u00e9s i com es treballa en un hort ecol\u00f2gic, mentre que els nens i nenes de cicle superior i quart van pujar al Pic de la Mola i van gaudir de unes vistes precioses.&nbsp; <\/p>\n<p><a href=\"https:\/\/plus.google.com\/photos\/101069051287243885876\/albums\/5987043461355774593?banner=pwa\" target=\"_blank\">Fotos prim\u00e0ria<\/a><\/p>\n<p><a href=\"https:\/\/plus.google.com\/photos\/101069051287243885876\/albums\/5989508595424069345?banner=pwa\" target=\"_blank\">Fotos infantil<\/a><\/p>\n","protected":false},"excerpt":{"rendered":"<p>El passat dijous dia 27 de febrer a l&#8217;escola vam celebrar el Dijous Gras, com cada any, per cicles, vam anar-hi a passar el dia fora de l&#8217;escola.Els nens i nenes d&#8217;infantil van anar als garrofers, cicle inicial i tercer vam anar a l&#8217;Hort de&hellip;  <a href=\"https:\/\/agora.xtec.cat\/ceipelsametllers\/infantil\/i3\/dijous-gras-2014\/\" title=\"Read Dijous gras 2014\">Llegeix m\u00e9s\u00bb<\/a><\/p>\n","protected":false},"author":1,"featured_media":0,"comment_status":"open","ping_status":"open","sticky":false,"template":"","format":"standard","meta":{"_bbp_topic_count":0,"_bbp_reply_count":0,"_bbp_total_topic_count":0,"_bbp_total_reply_count":0,"_bbp_voice_count":0,"_bbp_anonymous_reply_count":0,"_bbp_topic_count_hidden":0,"_bbp_reply_count_hidden":0,"_bbp_forum_subforum_count":0,"footnotes":""},"categories":[10,11,12,13,14,15,3,8,9],"tags":[],"class_list":["post-552","post","type-post","status-publish","format-standard","hentry","category-1r","category-2n","category-3r","category-4t","category-5e","category-6e","category-i3","category-i4","category-i5"],"post_mailing_queue_ids":[],"_links":{"self":[{"href":"https:\/\/agora.xtec.cat\/ceipelsametllers\/wp-json\/wp\/v2\/posts\/552","targetHints":{"allow":["GET"]}}],"collection":[{"href":"https:\/\/agora.xtec.cat\/ceipelsametllers\/wp-json\/wp\/v2\/posts"}],"about":[{"href":"https:\/\/agora.xtec.cat\/ceipelsametllers\/wp-json\/wp\/v2\/types\/post"}],"author":[{"embeddable":true,"href":"https:\/\/agora.xtec.cat\/ceipelsametllers\/wp-json\/wp\/v2\/users\/1"}],"replies":[{"embeddable":true,"href":"https:\/\/agora.xtec.cat\/ceipelsametllers\/wp-json\/wp\/v2\/comments?post=552"}],"version-history":[{"count":0,"href":"https:\/\/agora.xtec.cat\/ceipelsametllers\/wp-json\/wp\/v2\/posts\/552\/revisions"}],"wp:attachment":[{"href":"https:\/\/agora.xtec.cat\/ceipelsametllers\/wp-json\/wp\/v2\/media?parent=552"}],"wp:term":[{"taxonomy":"category","embeddable":true,"href":"https:\/\/agora.xtec.cat\/ceipelsametllers\/wp-json\/wp\/v2\/categories?post=552"},{"taxonomy":"post_tag","embeddable":true,"href":"https:\/\/agora.xtec.cat\/ceipelsametllers\/wp-json\/wp\/v2\/tags?post=552"}],"curies":[{"name":"wp","href":"https:\/\/api.w.org\/{rel}","templated":true}]}}