{"id":542,"date":"2014-05-03T11:25:00","date_gmt":"2014-05-03T10:25:00","guid":{"rendered":"http:\/\/agora.xtec.cat\/ceipelsametllers\/general\/plastilina-de-ginesta\/"},"modified":"2014-05-03T11:25:00","modified_gmt":"2014-05-03T10:25:00","slug":"plastilina-de-ginesta","status":"publish","type":"post","link":"https:\/\/agora.xtec.cat\/ceipelsametllers\/infantil\/i3\/plastilina-de-ginesta\/","title":{"rendered":"Plastilina de Ginesta"},"content":{"rendered":"<div style=\"text-align: justify;\">La setmana passada els nens i nenes d&#8217;infantil vam fer una sortida de primavera pel poble i vam recollir ginesta per portar a l&#8217;escola.<\/div>\n<div style=\"text-align: justify;\">Hav\u00edem treballat el poema de la Ginesta de Joan Maragall:<\/div>\n<div style=\"text-align: justify;\"><\/div>\n<div style=\"text-align: center;\">La Ginesta<\/div>\n<div style=\"text-align: center;\">La ginesta altra vegada<\/div>\n<div style=\"text-align: center;\">la ginesta amb tanta olor<\/div>\n<div style=\"text-align: center;\">\u00e9s la meva enamorada<\/div>\n<div style=\"text-align: center;\">quan ve el temps de la calor.<\/div>\n<div style=\"text-align: center;\"><\/div>\n<div style=\"text-align: center;\">Per fer-li una abra\u00e7ada<\/div>\n<div style=\"text-align: center;\">he pujat dalt del serrat<\/div>\n<div style=\"text-align: center;\">i a la primera besada<\/div>\n<div style=\"text-align: center;\">m&#8217;ha deixat tot perfumat.<\/div>\n<p><\/p>\n<div style=\"text-align: justify;\">Vam comprovar que feia molta olor. Al dia seg\u00fcent els nens i nenes de P3 vam fer una plastilina amb ginesta tots junts. Despr\u00e9s vam fer dos grups: uns an\u00e0vem amb la Marian a veure l&#8217;ametller de l&#8217;entrada mentre els altres jug\u00e0vem una estona amb la plastilina i al cap d&#8217;una estona canvi\u00e0vem.<\/div>\n<div style=\"text-align: justify;\">Amb la plastilina vam fer impremtes dels branquillons de ginesta i jug\u00e0vem lliurement. Van crear pizzes de p\u00e8tals de ginesta, empremtes de mans, barres de pa,&#8230;<\/div>\n<div style=\"text-align: justify;\"><\/div>\n<div style=\"text-align: justify;\">Cliqueu a la foto per veure&#8217;ls en acci\u00f3!<\/div>\n<div style=\"clear: both; text-align: center;\"><a href=\"https:\/\/plus.google.com\/photos\/101069051287243885876\/albums\/6009140383210907969?authkey=CKzkkLarztvTbg\" target=\"_blank\"><img loading=\"lazy\" decoding=\"async\" border=\"0\" src=\"http:\/\/2.bp.blogspot.com\/-021jIPCI4Vg\/U2TBXUkshtI\/AAAAAAAAGyg\/F-HY6mfeJsw\/s1600\/DSC06382.JPG\" height=\"240\" width=\"320\" \/><\/a><\/div>\n<p><\/p>\n<div style=\"text-align: justify;\">A continuaci\u00f3 us deixo la recepta de la plastilina per si la voleu fer a casa:<\/div>\n<div style=\"text-align: justify;\"><\/div>\n<div style=\"text-align: justify;\">Barregem en un vol 2 tasses de farina, 1 tassa de sal, 4 cullerades de bicarbonat s\u00f2dic, 4 cullerades d&#8217;oli de gira-sol. A continuaci\u00f3 afegim 1 tassa d&#8217;aigua calenta. Barregem i amassem fins a obtenir la nostra plastilina. Si est\u00e0 molt enganxosa anar afegint farina fins a tenir la textura desitjada.<\/div>\n<div style=\"text-align: justify;\"><\/div>\n<div style=\"text-align: justify;\">Aquesta plastilina es pot fer de color si a l&#8217;aigua li afegim unes gotes de colorant alimentari. Nosaltres no hi hem afegit color per\u00f2 abans d&#8217;afegir l&#8217;aigua hi hem afegit uns quants p\u00e8tals de ginesta. Si la voleu fer amb olor en lloc de posar aigua calenta i prou es pot bullir l&#8217;aigua amb plantes arom\u00e0tiques i fer servir aquesta aigua aromatitzada (colada previament o no) per afegir la tassa d&#8217;aigua calenta a la barrega.<\/div>\n<div style=\"text-align: justify;\">Com veieu les possibilitats s\u00f3n infinites!<\/div>\n","protected":false},"excerpt":{"rendered":"<p>La setmana passada els nens i nenes d&#8217;infantil vam fer una sortida de primavera pel poble i vam recollir ginesta per portar a l&#8217;escola.<br \/>\nHav\u00edem treballat el poema de la Ginesta de Joan Maragall:<\/p>\n<p>La Ginesta<br \/>\nLa ginesta altra vegada<br \/>\nla ginesta amb tanta olor<br \/>\n\u00e9s la meva enamorada<br \/>\nquan ve&hellip;  <a href=\"https:\/\/agora.xtec.cat\/ceipelsametllers\/infantil\/i3\/plastilina-de-ginesta\/\" title=\"Read Plastilina de Ginesta\">Llegeix m\u00e9s\u00bb<\/a><\/p>\n","protected":false},"author":1,"featured_media":0,"comment_status":"open","ping_status":"open","sticky":false,"template":"","format":"standard","meta":{"_bbp_topic_count":0,"_bbp_reply_count":0,"_bbp_total_topic_count":0,"_bbp_total_reply_count":0,"_bbp_voice_count":0,"_bbp_anonymous_reply_count":0,"_bbp_topic_count_hidden":0,"_bbp_reply_count_hidden":0,"_bbp_forum_subforum_count":0,"footnotes":""},"categories":[3],"tags":[],"class_list":["post-542","post","type-post","status-publish","format-standard","hentry","category-i3"],"post_mailing_queue_ids":[],"_links":{"self":[{"href":"https:\/\/agora.xtec.cat\/ceipelsametllers\/wp-json\/wp\/v2\/posts\/542","targetHints":{"allow":["GET"]}}],"collection":[{"href":"https:\/\/agora.xtec.cat\/ceipelsametllers\/wp-json\/wp\/v2\/posts"}],"about":[{"href":"https:\/\/agora.xtec.cat\/ceipelsametllers\/wp-json\/wp\/v2\/types\/post"}],"author":[{"embeddable":true,"href":"https:\/\/agora.xtec.cat\/ceipelsametllers\/wp-json\/wp\/v2\/users\/1"}],"replies":[{"embeddable":true,"href":"https:\/\/agora.xtec.cat\/ceipelsametllers\/wp-json\/wp\/v2\/comments?post=542"}],"version-history":[{"count":0,"href":"https:\/\/agora.xtec.cat\/ceipelsametllers\/wp-json\/wp\/v2\/posts\/542\/revisions"}],"wp:attachment":[{"href":"https:\/\/agora.xtec.cat\/ceipelsametllers\/wp-json\/wp\/v2\/media?parent=542"}],"wp:term":[{"taxonomy":"category","embeddable":true,"href":"https:\/\/agora.xtec.cat\/ceipelsametllers\/wp-json\/wp\/v2\/categories?post=542"},{"taxonomy":"post_tag","embeddable":true,"href":"https:\/\/agora.xtec.cat\/ceipelsametllers\/wp-json\/wp\/v2\/tags?post=542"}],"curies":[{"name":"wp","href":"https:\/\/api.w.org\/{rel}","templated":true}]}}