{"id":541,"date":"2014-05-14T12:36:00","date_gmt":"2014-05-14T11:36:00","guid":{"rendered":"http:\/\/agora.xtec.cat\/ceipelsametllers\/general\/setmana-cultural-a-infantil\/"},"modified":"2014-05-14T12:36:00","modified_gmt":"2014-05-14T11:36:00","slug":"setmana-cultural-a-infantil","status":"publish","type":"post","link":"https:\/\/agora.xtec.cat\/ceipelsametllers\/infantil\/i3\/setmana-cultural-a-infantil\/","title":{"rendered":"Setmana cultural a Infantil"},"content":{"rendered":"<p>Benvolguts pares i mares de l&#8217;escola,. els nens i nenes d&#8217;Infantil com els de Prim\u00e0ria, ens ho vam passar molt b\u00e9 a la Setmana Cultural.<br \/>Vam treballar i aprendre &nbsp;tot de coses sobre &#8220;La hist\u00f2ria&#8221; i a m\u00e9s, ens ho vam passar molt b\u00e9.<br \/>Les nenes i nens d&#8217;Infantil ens vam barrejar. Vam realitzar diferents tallers organitzats pels diferents mestres, amb la col.laboraci\u00f3 imprescindible i valuosa dels pares i mares.<br \/>&nbsp;A la tarda vam gaudir de tallers organitzats per les fam\u00edlies.<br \/>&nbsp;De &nbsp;part de tota l&#8217;escola, us hem d&#8217;agrair la vostra col\u00b7laboraci\u00f3 i entusiasme a l&#8217;hora d&#8217;ajudar-nos a preparar aquest esdeveniment.<br \/>Si cliqueu aqu\u00f3 podeu veure un recull de fotos.<\/p>\n<p><a href=\"https:\/\/plus.google.com\/u\/0\/photos\" target=\"_blank\"><b>Fotos Setmana cultural Infantil<\/b><\/a><\/p>\n","protected":false},"excerpt":{"rendered":"<p>Benvolguts pares i mares de l&#8217;escola,. els nens i nenes d&#8217;Infantil com els de Prim\u00e0ria, ens ho vam passar molt b\u00e9 a la Setmana Cultural.Vam treballar i aprendre &nbsp;tot de coses sobre &#8220;La hist\u00f2ria&#8221; i a m\u00e9s, ens ho vam passar molt b\u00e9.Les nenes i&hellip;  <a href=\"https:\/\/agora.xtec.cat\/ceipelsametllers\/infantil\/i3\/setmana-cultural-a-infantil\/\" title=\"Read Setmana cultural a Infantil\">Llegeix m\u00e9s\u00bb<\/a><\/p>\n","protected":false},"author":1,"featured_media":0,"comment_status":"open","ping_status":"open","sticky":false,"template":"","format":"standard","meta":{"_bbp_topic_count":0,"_bbp_reply_count":0,"_bbp_total_topic_count":0,"_bbp_total_reply_count":0,"_bbp_voice_count":0,"_bbp_anonymous_reply_count":0,"_bbp_topic_count_hidden":0,"_bbp_reply_count_hidden":0,"_bbp_forum_subforum_count":0,"footnotes":""},"categories":[3,8,9],"tags":[],"class_list":["post-541","post","type-post","status-publish","format-standard","hentry","category-i3","category-i4","category-i5"],"post_mailing_queue_ids":[],"_links":{"self":[{"href":"https:\/\/agora.xtec.cat\/ceipelsametllers\/wp-json\/wp\/v2\/posts\/541","targetHints":{"allow":["GET"]}}],"collection":[{"href":"https:\/\/agora.xtec.cat\/ceipelsametllers\/wp-json\/wp\/v2\/posts"}],"about":[{"href":"https:\/\/agora.xtec.cat\/ceipelsametllers\/wp-json\/wp\/v2\/types\/post"}],"author":[{"embeddable":true,"href":"https:\/\/agora.xtec.cat\/ceipelsametllers\/wp-json\/wp\/v2\/users\/1"}],"replies":[{"embeddable":true,"href":"https:\/\/agora.xtec.cat\/ceipelsametllers\/wp-json\/wp\/v2\/comments?post=541"}],"version-history":[{"count":0,"href":"https:\/\/agora.xtec.cat\/ceipelsametllers\/wp-json\/wp\/v2\/posts\/541\/revisions"}],"wp:attachment":[{"href":"https:\/\/agora.xtec.cat\/ceipelsametllers\/wp-json\/wp\/v2\/media?parent=541"}],"wp:term":[{"taxonomy":"category","embeddable":true,"href":"https:\/\/agora.xtec.cat\/ceipelsametllers\/wp-json\/wp\/v2\/categories?post=541"},{"taxonomy":"post_tag","embeddable":true,"href":"https:\/\/agora.xtec.cat\/ceipelsametllers\/wp-json\/wp\/v2\/tags?post=541"}],"curies":[{"name":"wp","href":"https:\/\/api.w.org\/{rel}","templated":true}]}}