{"id":539,"date":"2014-05-20T12:05:00","date_gmt":"2014-05-20T11:05:00","guid":{"rendered":"http:\/\/agora.xtec.cat\/ceipelsametllers\/general\/setmana-cultural-2014-a-primaria\/"},"modified":"2014-05-20T12:05:00","modified_gmt":"2014-05-20T11:05:00","slug":"setmana-cultural-2014-a-primaria","status":"publish","type":"post","link":"https:\/\/agora.xtec.cat\/ceipelsametllers\/infantil\/i3\/setmana-cultural-2014-a-primaria\/","title":{"rendered":"Setmana cultural 2014 a prim\u00e0ria"},"content":{"rendered":"<p>Benvolguts pares i mares de l&#8217;escola. Aqu\u00ed us deixem un recull de fotos que es van fer durant la setmana cultural, on vam treballar, aprendre i gaudir molt. <br \/>&nbsp;Les nenes i nens de prim\u00e0ria ens vam dividir per cicles, on vam fer diferents tallers.<br \/>&nbsp;D&#8217;una banda els nens de quart, cinqu\u00e8 i sis\u00e8 vam gaudir pel mat\u00ed de tres tallers organitzats pels diferents tutors, com els nostres companys de primer, segon i tercer.<br \/>&nbsp;A la tarda vam gaudir de tallers organitzats per diferents pares, aix\u00ed que de part de tota l&#8217;escola, us hem d&#8217;agrair la vostra col\u00b7laboraci\u00f3 i entusiasme a l&#8217;hora d&#8217;ajudar-nos a preparar aquest esdeveniment.<br \/><a href=\"https:\/\/plus.google.com\/photos\/101069051287243885876\/albums\/6015445580869267089?banner=pwa\" target=\"_blank\">Fotos<\/a><\/p>\n","protected":false},"excerpt":{"rendered":"<p>Benvolguts pares i mares de l&#8217;escola. Aqu\u00ed us deixem un recull de fotos que es van fer durant la setmana cultural, on vam treballar, aprendre i gaudir molt. &nbsp;Les nenes i nens de prim\u00e0ria ens vam dividir per cicles, on vam fer diferents tallers.&nbsp;D&#8217;una banda&hellip;  <a href=\"https:\/\/agora.xtec.cat\/ceipelsametllers\/infantil\/i3\/setmana-cultural-2014-a-primaria\/\" title=\"Read Setmana cultural 2014 a prim\u00e0ria\">Llegeix m\u00e9s\u00bb<\/a><\/p>\n","protected":false},"author":1,"featured_media":0,"comment_status":"open","ping_status":"open","sticky":false,"template":"","format":"standard","meta":{"_bbp_topic_count":0,"_bbp_reply_count":0,"_bbp_total_topic_count":0,"_bbp_total_reply_count":0,"_bbp_voice_count":0,"_bbp_anonymous_reply_count":0,"_bbp_topic_count_hidden":0,"_bbp_reply_count_hidden":0,"_bbp_forum_subforum_count":0,"footnotes":""},"categories":[10,11,12,13,14,15,3,8,9],"tags":[],"class_list":["post-539","post","type-post","status-publish","format-standard","hentry","category-1r","category-2n","category-3r","category-4t","category-5e","category-6e","category-i3","category-i4","category-i5"],"post_mailing_queue_ids":[],"_links":{"self":[{"href":"https:\/\/agora.xtec.cat\/ceipelsametllers\/wp-json\/wp\/v2\/posts\/539","targetHints":{"allow":["GET"]}}],"collection":[{"href":"https:\/\/agora.xtec.cat\/ceipelsametllers\/wp-json\/wp\/v2\/posts"}],"about":[{"href":"https:\/\/agora.xtec.cat\/ceipelsametllers\/wp-json\/wp\/v2\/types\/post"}],"author":[{"embeddable":true,"href":"https:\/\/agora.xtec.cat\/ceipelsametllers\/wp-json\/wp\/v2\/users\/1"}],"replies":[{"embeddable":true,"href":"https:\/\/agora.xtec.cat\/ceipelsametllers\/wp-json\/wp\/v2\/comments?post=539"}],"version-history":[{"count":0,"href":"https:\/\/agora.xtec.cat\/ceipelsametllers\/wp-json\/wp\/v2\/posts\/539\/revisions"}],"wp:attachment":[{"href":"https:\/\/agora.xtec.cat\/ceipelsametllers\/wp-json\/wp\/v2\/media?parent=539"}],"wp:term":[{"taxonomy":"category","embeddable":true,"href":"https:\/\/agora.xtec.cat\/ceipelsametllers\/wp-json\/wp\/v2\/categories?post=539"},{"taxonomy":"post_tag","embeddable":true,"href":"https:\/\/agora.xtec.cat\/ceipelsametllers\/wp-json\/wp\/v2\/tags?post=539"}],"curies":[{"name":"wp","href":"https:\/\/api.w.org\/{rel}","templated":true}]}}