{"id":537,"date":"2014-05-26T11:37:00","date_gmt":"2014-05-26T10:37:00","guid":{"rendered":"http:\/\/agora.xtec.cat\/ceipelsametllers\/general\/les-colonies-a-infantil\/"},"modified":"2014-05-26T11:37:00","modified_gmt":"2014-05-26T10:37:00","slug":"les-colonies-a-infantil","status":"publish","type":"post","link":"https:\/\/agora.xtec.cat\/ceipelsametllers\/infantil\/i3\/les-colonies-a-infantil\/","title":{"rendered":"LES COL\u00d2NIES A INFANTIL"},"content":{"rendered":"<div style=\"text-align: justify;\"><span lang=\"CA\">El dia 22 i 23 de maig varem marxar de col\u00f2nies els nens i nenes d\u2019infantil. Vam anar a Pontons a la casa \u201cCal Diable\u201d. Varem arribar i ens vam posar a esmorzar ja que, amb els nervis del viatge, tots els nens i nens estaven morts de gana. Despr\u00e9s els monitors els van portar de passejada per les instal\u00b7lacions. A mesura que els hi ensenyaven els diferents espais, els anaven explicant les normes que calia respectar a cada lloc.<o:p><\/o:p><\/span><\/div>\n<div style=\"text-align: justify;\"><span lang=\"CA\">Van jugar una estona abans de dinar i els grans van anar a parar taula per tots. Vam dinar, i a la tarda els de P3 i P4 van fer el taller de herbes arom\u00e0tiques i despr\u00e9s el de les galetes; i P5 el de la llana i tamb\u00e9 galetes, que estem segures que vau tastar i us van encantar; ummmmmhhhhhh!!!!!<o:p><\/o:p><\/span><\/div>\n<div style=\"text-align: justify;\"><\/div>\n<div style=\"text-align: justify;\"><span lang=\"CA\">Els vam deixar una estona per jugar lliurament. I &nbsp;despr\u00e9s a sopar i els jocs de nit; alguns nens es van espantar una mica amb el dimoni Banyetes per\u00f2 aviat se\u2019ls hi va passar.<o:p><\/o:p><\/span><\/div>\n<div style=\"text-align: justify;\"><\/div>\n<div style=\"text-align: justify;\"><span lang=\"CA\">Despr\u00e9s els monitors ens van cantar unes can\u00e7ons molt dolces que van fer que pogu\u00e9ssim anar a dormir for\u00e7a relaxats. <o:p><\/o:p><\/span><\/div>\n<div style=\"text-align: justify;\"><\/div>\n<div style=\"text-align: justify;\"><span lang=\"CA\">Al dia seg\u00fcent vam tornar a fer les motxilles i a esmorzar!! Hav\u00edem d\u2019agafar forces per fer una excursi\u00f3 molt xula i apassionant!! Els nens de P5 van tornar a l\u2019escola, de l\u2019excursi\u00f3 al bosc, sols; uffff que grans!!!!<o:p><\/o:p><\/span><\/div>\n<div style=\"text-align: justify;\"><\/div>\n<div style=\"text-align: justify;\"><span lang=\"CA\">Despr\u00e9s de l\u2019excursi\u00f3 ja es va fer hora de dinar. Despr\u00e9s van jugar una estona perqu\u00e8 els baix\u00e9s una mica el dinar i, cap a l\u2019escola!!!! Tot i que molts nens s\u2019haguessin quedat uns dies m\u00e9s&#8230;.<o:p><\/o:p><\/span><\/div>\n<div style=\"text-align: justify;\"><\/div>\n<p><\/p>\n<div style=\"text-align: justify;\"><\/div>\n<p><a href=\"https:\/\/plus.google.com\/photos\/101069051287243885876\/albums\/6018076332664040065?banner=pwa\" target=\"_blank\">Per veure les fotos premeu aqu\u00ed<\/a><\/p>\n","protected":false},"excerpt":{"rendered":"<p>El dia 22 i 23 de maig varem marxar de col\u00f2nies els nens i nenes d\u2019infantil. Vam anar a Pontons a la casa \u201cCal Diable\u201d. Varem arribar i ens vam posar a esmorzar ja que, amb els nervis del viatge, tots els nens i nens&hellip;  <a href=\"https:\/\/agora.xtec.cat\/ceipelsametllers\/infantil\/i3\/les-colonies-a-infantil\/\" title=\"Read LES COL\u00d2NIES A INFANTIL\">Llegeix m\u00e9s\u00bb<\/a><\/p>\n","protected":false},"author":1,"featured_media":0,"comment_status":"open","ping_status":"open","sticky":false,"template":"","format":"standard","meta":{"_bbp_topic_count":0,"_bbp_reply_count":0,"_bbp_total_topic_count":0,"_bbp_total_reply_count":0,"_bbp_voice_count":0,"_bbp_anonymous_reply_count":0,"_bbp_topic_count_hidden":0,"_bbp_reply_count_hidden":0,"_bbp_forum_subforum_count":0,"footnotes":""},"categories":[3,8,9],"tags":[],"class_list":["post-537","post","type-post","status-publish","format-standard","hentry","category-i3","category-i4","category-i5"],"post_mailing_queue_ids":[],"_links":{"self":[{"href":"https:\/\/agora.xtec.cat\/ceipelsametllers\/wp-json\/wp\/v2\/posts\/537","targetHints":{"allow":["GET"]}}],"collection":[{"href":"https:\/\/agora.xtec.cat\/ceipelsametllers\/wp-json\/wp\/v2\/posts"}],"about":[{"href":"https:\/\/agora.xtec.cat\/ceipelsametllers\/wp-json\/wp\/v2\/types\/post"}],"author":[{"embeddable":true,"href":"https:\/\/agora.xtec.cat\/ceipelsametllers\/wp-json\/wp\/v2\/users\/1"}],"replies":[{"embeddable":true,"href":"https:\/\/agora.xtec.cat\/ceipelsametllers\/wp-json\/wp\/v2\/comments?post=537"}],"version-history":[{"count":0,"href":"https:\/\/agora.xtec.cat\/ceipelsametllers\/wp-json\/wp\/v2\/posts\/537\/revisions"}],"wp:attachment":[{"href":"https:\/\/agora.xtec.cat\/ceipelsametllers\/wp-json\/wp\/v2\/media?parent=537"}],"wp:term":[{"taxonomy":"category","embeddable":true,"href":"https:\/\/agora.xtec.cat\/ceipelsametllers\/wp-json\/wp\/v2\/categories?post=537"},{"taxonomy":"post_tag","embeddable":true,"href":"https:\/\/agora.xtec.cat\/ceipelsametllers\/wp-json\/wp\/v2\/tags?post=537"}],"curies":[{"name":"wp","href":"https:\/\/api.w.org\/{rel}","templated":true}]}}