{"id":536,"date":"2014-05-27T13:15:00","date_gmt":"2014-05-27T12:15:00","guid":{"rendered":"http:\/\/agora.xtec.cat\/ceipelsametllers\/general\/tarraco-romana\/"},"modified":"2014-05-27T13:15:00","modified_gmt":"2014-05-27T12:15:00","slug":"tarraco-romana","status":"publish","type":"post","link":"https:\/\/agora.xtec.cat\/ceipelsametllers\/primaria\/1r\/tarraco-romana\/","title":{"rendered":"Tarraco Romana"},"content":{"rendered":"<p><span style=\"font-family: Verdana,sans-serif;\"><span style=\"font-size: small;\">Hola a tots i totes!<\/span><\/span><br \/><span style=\"font-family: Verdana,sans-serif;\"><span style=\"font-size: small;\"><br \/><\/span><\/span><span style=\"font-family: Verdana,sans-serif;\"><span style=\"font-size: small;\">El passat 14 de maig els alumnes de 1r i 2n de cicle inicial vam realitzar una visita a la Tarraco romana. All\u00e0 vam aprendre moltes coses, vam visitar el museu arqueol\u00f2gic, vam anar a veure l&#8217; amfiteatre i el circ rom\u00e0!.&nbsp;<\/span><\/span><br \/><span style=\"font-family: Verdana,sans-serif;\"><span style=\"font-size: small;\">Ens ho vam passar d&#8217; all\u00f2 m\u00e9s b\u00e9, aqu\u00ed us deixem algunes fotos. Esperem que us agradin molt!<\/span><\/span><br \/><span style=\"font-family: Verdana,sans-serif;\"><span style=\"font-size: small;\">Fins aviat!!<\/span><\/span><br \/><a href=\"https:\/\/plus.google.com\/photos\/101069051287243885876\/albums\/6018058995907544881?banner=pwa\" target=\"_blank\">Cliqueu aqu\u00ed<\/a><\/p>\n<p><\/p>\n","protected":false},"excerpt":{"rendered":"<p>Hola a tots i totes!El passat 14 de maig els alumnes de 1r i 2n de cicle inicial vam realitzar una visita a la Tarraco romana. All\u00e0 vam aprendre moltes coses, vam visitar el museu arqueol\u00f2gic, vam anar a veure l&#8217; amfiteatre i el circ&hellip;  <a href=\"https:\/\/agora.xtec.cat\/ceipelsametllers\/primaria\/1r\/tarraco-romana\/\" title=\"Read Tarraco Romana\">Llegeix m\u00e9s\u00bb<\/a><\/p>\n","protected":false},"author":1,"featured_media":0,"comment_status":"open","ping_status":"open","sticky":false,"template":"","format":"standard","meta":{"_bbp_topic_count":0,"_bbp_reply_count":0,"_bbp_total_topic_count":0,"_bbp_total_reply_count":0,"_bbp_voice_count":0,"_bbp_anonymous_reply_count":0,"_bbp_topic_count_hidden":0,"_bbp_reply_count_hidden":0,"_bbp_forum_subforum_count":0,"footnotes":""},"categories":[10,11],"tags":[],"class_list":["post-536","post","type-post","status-publish","format-standard","hentry","category-1r","category-2n"],"post_mailing_queue_ids":[],"_links":{"self":[{"href":"https:\/\/agora.xtec.cat\/ceipelsametllers\/wp-json\/wp\/v2\/posts\/536","targetHints":{"allow":["GET"]}}],"collection":[{"href":"https:\/\/agora.xtec.cat\/ceipelsametllers\/wp-json\/wp\/v2\/posts"}],"about":[{"href":"https:\/\/agora.xtec.cat\/ceipelsametllers\/wp-json\/wp\/v2\/types\/post"}],"author":[{"embeddable":true,"href":"https:\/\/agora.xtec.cat\/ceipelsametllers\/wp-json\/wp\/v2\/users\/1"}],"replies":[{"embeddable":true,"href":"https:\/\/agora.xtec.cat\/ceipelsametllers\/wp-json\/wp\/v2\/comments?post=536"}],"version-history":[{"count":0,"href":"https:\/\/agora.xtec.cat\/ceipelsametllers\/wp-json\/wp\/v2\/posts\/536\/revisions"}],"wp:attachment":[{"href":"https:\/\/agora.xtec.cat\/ceipelsametllers\/wp-json\/wp\/v2\/media?parent=536"}],"wp:term":[{"taxonomy":"category","embeddable":true,"href":"https:\/\/agora.xtec.cat\/ceipelsametllers\/wp-json\/wp\/v2\/categories?post=536"},{"taxonomy":"post_tag","embeddable":true,"href":"https:\/\/agora.xtec.cat\/ceipelsametllers\/wp-json\/wp\/v2\/tags?post=536"}],"curies":[{"name":"wp","href":"https:\/\/api.w.org\/{rel}","templated":true}]}}