{"id":5314,"date":"2026-05-06T13:13:01","date_gmt":"2026-05-06T11:13:01","guid":{"rendered":"https:\/\/agora.xtec.cat\/ceipelsametllers\/?p=5314"},"modified":"2026-05-06T13:21:22","modified_gmt":"2026-05-06T11:21:22","slug":"sortida-de-cicle-inicial-i-mitja-teatre-en-angles-cinderella-i-pont-del-diable","status":"publish","type":"post","link":"https:\/\/agora.xtec.cat\/ceipelsametllers\/general\/sortida-de-cicle-inicial-i-mitja-teatre-en-angles-cinderella-i-pont-del-diable\/","title":{"rendered":"Sortida de Cicle Inicial i Mitj\u00e0.: teatre en angl\u00e8s (Cinderella) i Pont del Diable"},"content":{"rendered":"<p>Les i els alumnes de C. Inicial. i C.Mitj\u00e0 hem anat a l&#8217;Auditori de la Diputaci\u00f3 a veure l&#8217;obra de teatre <em>Cinderella<\/em>, que ens han representat en angl\u00e8s. Can\u00e7ons, jocs&#8230; Alguns de nosaltres han pogut pujar a l&#8217;escenari a participar-ne m\u00e9s directament!<\/p>\n<p>Despr\u00e9s hem anat a dinar al Pont del Diable: hem recordat la seva llegenda i tamb\u00e9 per a qu\u00e8 servia, i fins i tot hem fet de gotes d&#8217;aigua que el tornaven a rec\u00f3rrer ficant-nos al seu canal (en realitat \u00e9s un aq\u00fceducte, no un pont!).<a href=\"https:\/\/agora.xtec.cat\/ceipelsametllers\/wp-content\/uploads\/usu1019\/2026\/04\/IMG_20260428_130501-scaled.jpg\"><img loading=\"lazy\" decoding=\"async\" class=\"alignnone size-large wp-image-5364\" src=\"https:\/\/agora.xtec.cat\/ceipelsametllers\/wp-content\/uploads\/usu1019\/2026\/04\/IMG_20260428_130501-1024x771.jpg\" alt=\"\" width=\"1024\" height=\"771\" srcset=\"https:\/\/agora.xtec.cat\/ceipelsametllers\/wp-content\/uploads\/usu1019\/2026\/04\/IMG_20260428_130501-1024x771.jpg 1024w, https:\/\/agora.xtec.cat\/ceipelsametllers\/wp-content\/uploads\/usu1019\/2026\/04\/IMG_20260428_130501-300x226.jpg 300w, https:\/\/agora.xtec.cat\/ceipelsametllers\/wp-content\/uploads\/usu1019\/2026\/04\/IMG_20260428_130501-768x578.jpg 768w, https:\/\/agora.xtec.cat\/ceipelsametllers\/wp-content\/uploads\/usu1019\/2026\/04\/IMG_20260428_130501-1536x1157.jpg 1536w, https:\/\/agora.xtec.cat\/ceipelsametllers\/wp-content\/uploads\/usu1019\/2026\/04\/IMG_20260428_130501-2048x1542.jpg 2048w, https:\/\/agora.xtec.cat\/ceipelsametllers\/wp-content\/uploads\/usu1019\/2026\/04\/IMG_20260428_130501-200x150.jpg 200w\" sizes=\"auto, (max-width: 1024px) 100vw, 1024px\" \/><\/a><a href=\"https:\/\/agora.xtec.cat\/ceipelsametllers\/wp-content\/uploads\/usu1019\/2026\/05\/IMG_20260428_130539-2.jpg\"><img loading=\"lazy\" decoding=\"async\" class=\"alignnone size-large wp-image-5365\" src=\"https:\/\/agora.xtec.cat\/ceipelsametllers\/wp-content\/uploads\/usu1019\/2026\/05\/IMG_20260428_130539-2-1024x771.jpg\" alt=\"\" width=\"1024\" height=\"771\" srcset=\"https:\/\/agora.xtec.cat\/ceipelsametllers\/wp-content\/uploads\/usu1019\/2026\/05\/IMG_20260428_130539-2-1024x771.jpg 1024w, https:\/\/agora.xtec.cat\/ceipelsametllers\/wp-content\/uploads\/usu1019\/2026\/05\/IMG_20260428_130539-2-300x226.jpg 300w, https:\/\/agora.xtec.cat\/ceipelsametllers\/wp-content\/uploads\/usu1019\/2026\/05\/IMG_20260428_130539-2-768x578.jpg 768w, https:\/\/agora.xtec.cat\/ceipelsametllers\/wp-content\/uploads\/usu1019\/2026\/05\/IMG_20260428_130539-2-1536x1157.jpg 1536w, https:\/\/agora.xtec.cat\/ceipelsametllers\/wp-content\/uploads\/usu1019\/2026\/05\/IMG_20260428_130539-2-200x150.jpg 200w, https:\/\/agora.xtec.cat\/ceipelsametllers\/wp-content\/uploads\/usu1019\/2026\/05\/IMG_20260428_130539-2.jpg 2040w\" sizes=\"auto, (max-width: 1024px) 100vw, 1024px\" \/><\/a><\/p>\n<p>Un dia s\u00faperdivertit!<\/p>\n","protected":false},"excerpt":{"rendered":"<p>Les i els alumnes de C. Inicial. i C.Mitj\u00e0 hem anat a l&#8217;Auditori de la Diputaci\u00f3 a veure l&#8217;obra de teatre Cinderella, que ens han representat en angl\u00e8s. Can\u00e7ons, jocs&#8230; Alguns de nosaltres han pogut pujar a l&#8217;escenari a participar-ne m\u00e9s directament!<br \/>\nDespr\u00e9s hem anat a&hellip;  <a href=\"https:\/\/agora.xtec.cat\/ceipelsametllers\/general\/sortida-de-cicle-inicial-i-mitja-teatre-en-angles-cinderella-i-pont-del-diable\/\" title=\"Read Sortida de Cicle Inicial i Mitj\u00e0.: teatre en angl\u00e8s (Cinderella) i Pont del Diable\">Llegeix m\u00e9s\u00bb<\/a><\/p>\n","protected":false},"author":3,"featured_media":5363,"comment_status":"open","ping_status":"open","sticky":false,"template":"","format":"standard","meta":{"_bbp_topic_count":0,"_bbp_reply_count":0,"_bbp_total_topic_count":0,"_bbp_total_reply_count":0,"_bbp_voice_count":0,"_bbp_anonymous_reply_count":0,"_bbp_topic_count_hidden":0,"_bbp_reply_count_hidden":0,"_bbp_forum_subforum_count":0,"footnotes":""},"categories":[1],"tags":[],"class_list":["post-5314","post","type-post","status-publish","format-standard","has-post-thumbnail","hentry","category-general"],"post_mailing_queue_ids":[],"_links":{"self":[{"href":"https:\/\/agora.xtec.cat\/ceipelsametllers\/wp-json\/wp\/v2\/posts\/5314","targetHints":{"allow":["GET"]}}],"collection":[{"href":"https:\/\/agora.xtec.cat\/ceipelsametllers\/wp-json\/wp\/v2\/posts"}],"about":[{"href":"https:\/\/agora.xtec.cat\/ceipelsametllers\/wp-json\/wp\/v2\/types\/post"}],"author":[{"embeddable":true,"href":"https:\/\/agora.xtec.cat\/ceipelsametllers\/wp-json\/wp\/v2\/users\/3"}],"replies":[{"embeddable":true,"href":"https:\/\/agora.xtec.cat\/ceipelsametllers\/wp-json\/wp\/v2\/comments?post=5314"}],"version-history":[{"count":3,"href":"https:\/\/agora.xtec.cat\/ceipelsametllers\/wp-json\/wp\/v2\/posts\/5314\/revisions"}],"predecessor-version":[{"id":5366,"href":"https:\/\/agora.xtec.cat\/ceipelsametllers\/wp-json\/wp\/v2\/posts\/5314\/revisions\/5366"}],"wp:featuredmedia":[{"embeddable":true,"href":"https:\/\/agora.xtec.cat\/ceipelsametllers\/wp-json\/wp\/v2\/media\/5363"}],"wp:attachment":[{"href":"https:\/\/agora.xtec.cat\/ceipelsametllers\/wp-json\/wp\/v2\/media?parent=5314"}],"wp:term":[{"taxonomy":"category","embeddable":true,"href":"https:\/\/agora.xtec.cat\/ceipelsametllers\/wp-json\/wp\/v2\/categories?post=5314"},{"taxonomy":"post_tag","embeddable":true,"href":"https:\/\/agora.xtec.cat\/ceipelsametllers\/wp-json\/wp\/v2\/tags?post=5314"}],"curies":[{"name":"wp","href":"https:\/\/api.w.org\/{rel}","templated":true}]}}